{"id":6244,"date":"2025-06-03T09:33:51","date_gmt":"2025-06-03T09:33:51","guid":{"rendered":"https:\/\/fra.mirex.gob.do\/consular\/marsella\/?p=6244"},"modified":"2025-06-03T09:33:51","modified_gmt":"2025-06-03T09:33:51","slug":"consulado-dominicano-en-marsella-participa-en-actividad-en-honor-al-dia-de-las-madres-dominicanas","status":"publish","type":"post","link":"https:\/\/fra.mirex.gob.do\/consular\/marsella\/consulado-dominicano-en-marsella-participa-en-actividad-en-honor-al-dia-de-las-madres-dominicanas\/","title":{"rendered":"Consulado Dominicano en Marsella participa en actividad en honor al D\u00eda de las Madres Dominicanas"},"content":{"rendered":"<p data-start=\"250\" data-end=\"582\">Marsella, Francia. \u2013 La c\u00f3nsul general de la Rep\u00fablica Dominicana en Marsella, Rep\u00fablica Francesa, Ana Emilia B\u00e1ez Santana, particip\u00f3 en la emotiva celebraci\u00f3n del D\u00eda de las Madres Dominicanas, organizada por el Sr. Anthony del Rosario, Milagros Esp\u00edritu Gonz\u00e1lez (Mila) y la pastora Alejandra Fern\u00e1ndez, con el valioso respaldo del Consulado General.<\/p>\n<p data-start=\"250\" data-end=\"582\"><img fetchpriority=\"high\" decoding=\"async\" class=\"size-medium wp-image-6246 alignleft\" src=\"https:\/\/fra.mirex.gob.do\/consular\/marsella\/wp-content\/uploads\/2025\/06\/WhatsApp-Image-2025-05-26-at-19.17.52-1-225x300.jpeg\" alt=\"\" width=\"225\" height=\"300\" srcset=\"https:\/\/fra.mirex.gob.do\/consular\/marsella\/wp-content\/uploads\/2025\/06\/WhatsApp-Image-2025-05-26-at-19.17.52-1-225x300.jpeg 225w, https:\/\/fra.mirex.gob.do\/consular\/marsella\/wp-content\/uploads\/2025\/06\/WhatsApp-Image-2025-05-26-at-19.17.52-1-768x1024.jpeg 768w, https:\/\/fra.mirex.gob.do\/consular\/marsella\/wp-content\/uploads\/2025\/06\/WhatsApp-Image-2025-05-26-at-19.17.52-1-1152x1536.jpeg 1152w, https:\/\/fra.mirex.gob.do\/consular\/marsella\/wp-content\/uploads\/2025\/06\/WhatsApp-Image-2025-05-26-at-19.17.52-1.jpeg 1536w\" sizes=\"(max-width: 225px) 100vw, 225px\" \/><\/p>\n<p data-start=\"584\" data-end=\"851\">El evento, que reuni\u00f3 a miembros destacados de la comunidad dominicana residente en el sur de Francia, fue una ocasi\u00f3n propicia para rendir homenaje al rol fundamental de las madres en la sociedad y para fortalecer los v\u00ednculos entre el Consulado y sus connacionales.<\/p>\n<p data-start=\"853\" data-end=\"1104\">Durante la jornada, estuvieron presentes en representaci\u00f3n del cuerpo consular en Marsella los vicec\u00f3nsules Jose Ozoria, Gloria Peguero y Francisca Guzm\u00e1n. Asimismo, se cont\u00f3 con la distinguida presencia de la c\u00f3nsul honoraria en Lyon, B\u00e9ryl Maillard.<\/p>\n<p data-start=\"1106\" data-end=\"1423\">Como parte de su intervenci\u00f3n, el Consulado General present\u00f3 los servicios que pone a disposici\u00f3n de la di\u00e1spora dominicana en la regi\u00f3n, reafirmando su compromiso con el proyecto de acercar la instituci\u00f3n a las distintas comunidades del sur de Francia, mediante un enfoque de servicio cercano, inclusivo y eficiente.<\/p>\n<p data-start=\"1106\" data-end=\"1423\"><img decoding=\"async\" class=\"alignnone size-medium wp-image-6249\" src=\"https:\/\/fra.mirex.gob.do\/consular\/marsella\/wp-content\/uploads\/2025\/06\/WhatsApp-Image-2025-05-26-at-19.17.52-2-225x300.jpeg\" alt=\"\" width=\"225\" height=\"300\" srcset=\"https:\/\/fra.mirex.gob.do\/consular\/marsella\/wp-content\/uploads\/2025\/06\/WhatsApp-Image-2025-05-26-at-19.17.52-2-225x300.jpeg 225w, https:\/\/fra.mirex.gob.do\/consular\/marsella\/wp-content\/uploads\/2025\/06\/WhatsApp-Image-2025-05-26-at-19.17.52-2-768x1024.jpeg 768w, https:\/\/fra.mirex.gob.do\/consular\/marsella\/wp-content\/uploads\/2025\/06\/WhatsApp-Image-2025-05-26-at-19.17.52-2-1152x1536.jpeg 1152w, https:\/\/fra.mirex.gob.do\/consular\/marsella\/wp-content\/uploads\/2025\/06\/WhatsApp-Image-2025-05-26-at-19.17.52-2.jpeg 1536w\" sizes=\"(max-width: 225px) 100vw, 225px\" \/><img decoding=\"async\" class=\"alignnone size-medium wp-image-6248\" src=\"https:\/\/fra.mirex.gob.do\/consular\/marsella\/wp-content\/uploads\/2025\/06\/WhatsApp-Image-2025-05-26-at-19.17.51-1-225x300.jpeg\" alt=\"\" width=\"225\" height=\"300\" srcset=\"https:\/\/fra.mirex.gob.do\/consular\/marsella\/wp-content\/uploads\/2025\/06\/WhatsApp-Image-2025-05-26-at-19.17.51-1-225x300.jpeg 225w, https:\/\/fra.mirex.gob.do\/consular\/marsella\/wp-content\/uploads\/2025\/06\/WhatsApp-Image-2025-05-26-at-19.17.51-1-768x1024.jpeg 768w, https:\/\/fra.mirex.gob.do\/consular\/marsella\/wp-content\/uploads\/2025\/06\/WhatsApp-Image-2025-05-26-at-19.17.51-1-1152x1536.jpeg 1152w, https:\/\/fra.mirex.gob.do\/consular\/marsella\/wp-content\/uploads\/2025\/06\/WhatsApp-Image-2025-05-26-at-19.17.51-1.jpeg 1536w\" sizes=\"(max-width: 225px) 100vw, 225px\" \/><\/p>\n<p data-start=\"1425\" data-end=\"1614\">Esta participaci\u00f3n forma parte de los esfuerzos del Consulado por fortalecer la integraci\u00f3n comunitaria y brindar un acompa\u00f1amiento constante a los dominicanos y dominicanas en el exterior.<\/p>\n","protected":false},"excerpt":{"rendered":"<p>Marsella, Francia. \u2013 La c\u00f3nsul general de la Rep\u00fablica Dominicana en Marsella, Rep\u00fablica Francesa, Ana Emilia B\u00e1ez Santana, particip\u00f3 en la emotiva celebraci\u00f3n del D\u00eda de las Madres Dominicanas, organizada por el Sr. Anthony del Rosario, Milagros Esp\u00edritu Gonz\u00e1lez (Mila) y la pastora Alejandra Fern\u00e1ndez, con el valioso respaldo del Consulado General. El evento, que [&hellip;]<\/p>\n","protected":false},"author":8,"featured_media":6245,"comment_status":"closed","ping_status":"open","sticky":false,"template":"","format":"standard","meta":{"site-sidebar-layout":"default","site-content-layout":"","ast-site-content-layout":"default","site-content-style":"default","site-sidebar-style":"default","ast-global-header-display":"","ast-banner-title-visibility":"","ast-main-header-display":"","ast-hfb-above-header-display":"","ast-hfb-below-header-display":"","ast-hfb-mobile-header-display":"","site-post-title":"","ast-breadcrumbs-content":"","ast-featured-img":"","footer-sml-layout":"","ast-disable-related-posts":"","theme-transparent-header-meta":"default","adv-header-id-meta":"","stick-header-meta":"","header-above-stick-meta":"","header-main-stick-meta":"","header-below-stick-meta":"","astra-migrate-meta-layouts":"set","ast-page-background-enabled":"default","ast-page-background-meta":{"desktop":{"background-color":"","background-image":"","background-repeat":"repeat","background-position":"center center","background-size":"auto","background-attachment":"scroll","background-type":"","background-media":"","overlay-type":"","overlay-color":"","overlay-opacity":"","overlay-gradient":""},"tablet":{"background-color":"","background-image":"","background-repeat":"repeat","background-position":"center center","background-size":"auto","background-attachment":"scroll","background-type":"","background-media":"","overlay-type":"","overlay-color":"","overlay-opacity":"","overlay-gradient":""},"mobile":{"background-color":"","background-image":"","background-repeat":"repeat","background-position":"center center","background-size":"auto","background-attachment":"scroll","background-type":"","background-media":"","overlay-type":"","overlay-color":"","overlay-opacity":"","overlay-gradient":""}},"ast-content-background-meta":{"desktop":{"background-color":"var(--ast-global-color-5)","background-image":"","background-repeat":"repeat","background-position":"center center","background-size":"auto","background-attachment":"scroll","background-type":"","background-media":"","overlay-type":"","overlay-color":"","overlay-opacity":"","overlay-gradient":""},"tablet":{"background-color":"var(--ast-global-color-5)","background-image":"","background-repeat":"repeat","background-position":"center center","background-size":"auto","background-attachment":"scroll","background-type":"","background-media":"","overlay-type":"","overlay-color":"","overlay-opacity":"","overlay-gradient":""},"mobile":{"background-color":"var(--ast-global-color-5)","background-image":"","background-repeat":"repeat","background-position":"center center","background-size":"auto","background-attachment":"scroll","background-type":"","background-media":"","overlay-type":"","overlay-color":"","overlay-opacity":"","overlay-gradient":""}},"footnotes":""},"categories":[5],"tags":[43,40,42,41],"class_list":["post-6244","post","type-post","status-publish","format-standard","has-post-thumbnail","hentry","category-noticias","tag-ana-baez-consul-en-marsella","tag-con","tag-consuladodominicanoenmarsella","tag-dominicanosenfrancia"],"yoast_head":"<!-- This site is optimized with the Yoast SEO plugin v27.5 - https:\/\/yoast.com\/product\/yoast-seo-wordpress\/ -->\n<title>Consulado Dominicano en Marsella participa en actividad en honor al D\u00eda de las Madres Dominicanas - Consulado General de la Rep\u00fablica Dominicana en Marsella, Francia<\/title>\n<meta name=\"robots\" content=\"index, follow, max-snippet:-1, max-image-preview:large, max-video-preview:-1\" \/>\n<link rel=\"canonical\" href=\"https:\/\/fra.mirex.gob.do\/consular\/marsella\/consulado-dominicano-en-marsella-participa-en-actividad-en-honor-al-dia-de-las-madres-dominicanas\/\" \/>\n<meta property=\"og:locale\" content=\"en_US\" \/>\n<meta property=\"og:type\" content=\"article\" \/>\n<meta property=\"og:title\" content=\"Consulado Dominicano en Marsella participa en actividad en honor al D\u00eda de las Madres Dominicanas - Consulado General de la Rep\u00fablica Dominicana en Marsella, Francia\" \/>\n<meta property=\"og:description\" content=\"Marsella, Francia. \u2013 La c\u00f3nsul general de la Rep\u00fablica Dominicana en Marsella, Rep\u00fablica Francesa, Ana Emilia B\u00e1ez Santana, particip\u00f3 en la emotiva celebraci\u00f3n del D\u00eda de las Madres Dominicanas, organizada por el Sr. Anthony del Rosario, Milagros Esp\u00edritu Gonz\u00e1lez (Mila) y la pastora Alejandra Fern\u00e1ndez, con el valioso respaldo del Consulado General. El evento, que [&hellip;]\" \/>\n<meta property=\"og:url\" content=\"https:\/\/fra.mirex.gob.do\/consular\/marsella\/consulado-dominicano-en-marsella-participa-en-actividad-en-honor-al-dia-de-las-madres-dominicanas\/\" \/>\n<meta property=\"og:site_name\" content=\"Consulado General de la Rep\u00fablica Dominicana en Marsella, Francia\" \/>\n<meta property=\"article:published_time\" content=\"2025-06-03T09:33:51+00:00\" \/>\n<meta property=\"og:image\" content=\"https:\/\/fra.mirex.gob.do\/consular\/marsella\/wp-content\/uploads\/2025\/06\/WhatsApp-Image-2025-05-26-at-19.25.42.jpeg\" \/>\n\t<meta property=\"og:image:width\" content=\"1220\" \/>\n\t<meta property=\"og:image:height\" content=\"854\" \/>\n\t<meta property=\"og:image:type\" content=\"image\/jpeg\" \/>\n<meta name=\"author\" content=\"Sol Threeny Valera Ventura\" \/>\n<meta name=\"twitter:card\" content=\"summary_large_image\" \/>\n<meta name=\"twitter:label1\" content=\"Written by\" \/>\n\t<meta name=\"twitter:data1\" content=\"Sol Threeny Valera Ventura\" \/>\n\t<meta name=\"twitter:label2\" content=\"Est. reading time\" \/>\n\t<meta name=\"twitter:data2\" content=\"2 minutes\" \/>\n<script type=\"application\/ld+json\" class=\"yoast-schema-graph\">{\"@context\":\"https:\\\/\\\/schema.org\",\"@graph\":[{\"@type\":\"Article\",\"@id\":\"https:\\\/\\\/fra.mirex.gob.do\\\/consular\\\/marsella\\\/consulado-dominicano-en-marsella-participa-en-actividad-en-honor-al-dia-de-las-madres-dominicanas\\\/#article\",\"isPartOf\":{\"@id\":\"https:\\\/\\\/fra.mirex.gob.do\\\/consular\\\/marsella\\\/consulado-dominicano-en-marsella-participa-en-actividad-en-honor-al-dia-de-las-madres-dominicanas\\\/\"},\"author\":{\"name\":\"Sol Threeny Valera Ventura\",\"@id\":\"https:\\\/\\\/fra.mirex.gob.do\\\/consular\\\/marsella\\\/#\\\/schema\\\/person\\\/ca3e898c71ee4e904816b58e43925f87\"},\"headline\":\"Consulado Dominicano en Marsella participa en actividad en honor al D\u00eda de las Madres Dominicanas\",\"datePublished\":\"2025-06-03T09:33:51+00:00\",\"mainEntityOfPage\":{\"@id\":\"https:\\\/\\\/fra.mirex.gob.do\\\/consular\\\/marsella\\\/consulado-dominicano-en-marsella-participa-en-actividad-en-honor-al-dia-de-las-madres-dominicanas\\\/\"},\"wordCount\":247,\"publisher\":{\"@id\":\"https:\\\/\\\/fra.mirex.gob.do\\\/consular\\\/marsella\\\/#organization\"},\"image\":{\"@id\":\"https:\\\/\\\/fra.mirex.gob.do\\\/consular\\\/marsella\\\/consulado-dominicano-en-marsella-participa-en-actividad-en-honor-al-dia-de-las-madres-dominicanas\\\/#primaryimage\"},\"thumbnailUrl\":\"https:\\\/\\\/fra.mirex.gob.do\\\/consular\\\/marsella\\\/wp-content\\\/uploads\\\/2025\\\/06\\\/WhatsApp-Image-2025-05-26-at-19.25.42.jpeg\",\"keywords\":[\"ana Baez consul en marsella\",\"con\",\"consuladodominicanoenmarsella\",\"dominicanosenfrancia\"],\"articleSection\":[\"Noticias\"],\"inLanguage\":\"en-US\"},{\"@type\":\"WebPage\",\"@id\":\"https:\\\/\\\/fra.mirex.gob.do\\\/consular\\\/marsella\\\/consulado-dominicano-en-marsella-participa-en-actividad-en-honor-al-dia-de-las-madres-dominicanas\\\/\",\"url\":\"https:\\\/\\\/fra.mirex.gob.do\\\/consular\\\/marsella\\\/consulado-dominicano-en-marsella-participa-en-actividad-en-honor-al-dia-de-las-madres-dominicanas\\\/\",\"name\":\"Consulado Dominicano en Marsella participa en actividad en honor al D\u00eda de las Madres Dominicanas - Consulado General de la Rep\u00fablica Dominicana en Marsella, Francia\",\"isPartOf\":{\"@id\":\"https:\\\/\\\/fra.mirex.gob.do\\\/consular\\\/marsella\\\/#website\"},\"primaryImageOfPage\":{\"@id\":\"https:\\\/\\\/fra.mirex.gob.do\\\/consular\\\/marsella\\\/consulado-dominicano-en-marsella-participa-en-actividad-en-honor-al-dia-de-las-madres-dominicanas\\\/#primaryimage\"},\"image\":{\"@id\":\"https:\\\/\\\/fra.mirex.gob.do\\\/consular\\\/marsella\\\/consulado-dominicano-en-marsella-participa-en-actividad-en-honor-al-dia-de-las-madres-dominicanas\\\/#primaryimage\"},\"thumbnailUrl\":\"https:\\\/\\\/fra.mirex.gob.do\\\/consular\\\/marsella\\\/wp-content\\\/uploads\\\/2025\\\/06\\\/WhatsApp-Image-2025-05-26-at-19.25.42.jpeg\",\"datePublished\":\"2025-06-03T09:33:51+00:00\",\"breadcrumb\":{\"@id\":\"https:\\\/\\\/fra.mirex.gob.do\\\/consular\\\/marsella\\\/consulado-dominicano-en-marsella-participa-en-actividad-en-honor-al-dia-de-las-madres-dominicanas\\\/#breadcrumb\"},\"inLanguage\":\"en-US\",\"potentialAction\":[{\"@type\":\"ReadAction\",\"target\":[\"https:\\\/\\\/fra.mirex.gob.do\\\/consular\\\/marsella\\\/consulado-dominicano-en-marsella-participa-en-actividad-en-honor-al-dia-de-las-madres-dominicanas\\\/\"]}]},{\"@type\":\"ImageObject\",\"inLanguage\":\"en-US\",\"@id\":\"https:\\\/\\\/fra.mirex.gob.do\\\/consular\\\/marsella\\\/consulado-dominicano-en-marsella-participa-en-actividad-en-honor-al-dia-de-las-madres-dominicanas\\\/#primaryimage\",\"url\":\"https:\\\/\\\/fra.mirex.gob.do\\\/consular\\\/marsella\\\/wp-content\\\/uploads\\\/2025\\\/06\\\/WhatsApp-Image-2025-05-26-at-19.25.42.jpeg\",\"contentUrl\":\"https:\\\/\\\/fra.mirex.gob.do\\\/consular\\\/marsella\\\/wp-content\\\/uploads\\\/2025\\\/06\\\/WhatsApp-Image-2025-05-26-at-19.25.42.jpeg\",\"width\":1220,\"height\":854},{\"@type\":\"BreadcrumbList\",\"@id\":\"https:\\\/\\\/fra.mirex.gob.do\\\/consular\\\/marsella\\\/consulado-dominicano-en-marsella-participa-en-actividad-en-honor-al-dia-de-las-madres-dominicanas\\\/#breadcrumb\",\"itemListElement\":[{\"@type\":\"ListItem\",\"position\":1,\"name\":\"Inicio\",\"item\":\"https:\\\/\\\/fra.mirex.gob.do\\\/consular\\\/marsella\\\/\"},{\"@type\":\"ListItem\",\"position\":2,\"name\":\"Consulado Dominicano en Marsella participa en actividad en honor al D\u00eda de las Madres Dominicanas\"}]},{\"@type\":\"WebSite\",\"@id\":\"https:\\\/\\\/fra.mirex.gob.do\\\/consular\\\/marsella\\\/#website\",\"url\":\"https:\\\/\\\/fra.mirex.gob.do\\\/consular\\\/marsella\\\/\",\"name\":\"Consulado General de la Rep\u00fablica Dominicana en Marsella, Francia\",\"description\":\"\",\"publisher\":{\"@id\":\"https:\\\/\\\/fra.mirex.gob.do\\\/consular\\\/marsella\\\/#organization\"},\"potentialAction\":[{\"@type\":\"SearchAction\",\"target\":{\"@type\":\"EntryPoint\",\"urlTemplate\":\"https:\\\/\\\/fra.mirex.gob.do\\\/consular\\\/marsella\\\/?s={search_term_string}\"},\"query-input\":{\"@type\":\"PropertyValueSpecification\",\"valueRequired\":true,\"valueName\":\"search_term_string\"}}],\"inLanguage\":\"en-US\"},{\"@type\":\"Organization\",\"@id\":\"https:\\\/\\\/fra.mirex.gob.do\\\/consular\\\/marsella\\\/#organization\",\"name\":\"Consulado General de la Rep\u00fablica Dominicana en Marsella, Francia\",\"url\":\"https:\\\/\\\/fra.mirex.gob.do\\\/consular\\\/marsella\\\/\",\"logo\":{\"@type\":\"ImageObject\",\"inLanguage\":\"en-US\",\"@id\":\"https:\\\/\\\/fra.mirex.gob.do\\\/consular\\\/marsella\\\/#\\\/schema\\\/logo\\\/image\\\/\",\"url\":\"https:\\\/\\\/fra.mirex.gob.do\\\/consular\\\/marsella\\\/wp-content\\\/uploads\\\/2022\\\/02\\\/CONSULADO-Marsella-Francia-RD-04.png\",\"contentUrl\":\"https:\\\/\\\/fra.mirex.gob.do\\\/consular\\\/marsella\\\/wp-content\\\/uploads\\\/2022\\\/02\\\/CONSULADO-Marsella-Francia-RD-04.png\",\"width\":4163,\"height\":1788,\"caption\":\"Consulado General de la Rep\u00fablica Dominicana en Marsella, Francia\"},\"image\":{\"@id\":\"https:\\\/\\\/fra.mirex.gob.do\\\/consular\\\/marsella\\\/#\\\/schema\\\/logo\\\/image\\\/\"}},{\"@type\":\"Person\",\"@id\":\"https:\\\/\\\/fra.mirex.gob.do\\\/consular\\\/marsella\\\/#\\\/schema\\\/person\\\/ca3e898c71ee4e904816b58e43925f87\",\"name\":\"Sol Threeny Valera Ventura\",\"image\":{\"@type\":\"ImageObject\",\"inLanguage\":\"en-US\",\"@id\":\"https:\\\/\\\/secure.gravatar.com\\\/avatar\\\/74f0bced5b8a28daf14829a28f8441445ba4e3f96a3b38008f8353bf02277eaf?s=96&d=mm&r=g\",\"url\":\"https:\\\/\\\/secure.gravatar.com\\\/avatar\\\/74f0bced5b8a28daf14829a28f8441445ba4e3f96a3b38008f8353bf02277eaf?s=96&d=mm&r=g\",\"contentUrl\":\"https:\\\/\\\/secure.gravatar.com\\\/avatar\\\/74f0bced5b8a28daf14829a28f8441445ba4e3f96a3b38008f8353bf02277eaf?s=96&d=mm&r=g\",\"caption\":\"Sol Threeny Valera Ventura\"}}]}<\/script>\n<!-- \/ Yoast SEO plugin. -->","yoast_head_json":{"title":"Consulado Dominicano en Marsella participa en actividad en honor al D\u00eda de las Madres Dominicanas - Consulado General de la Rep\u00fablica Dominicana en Marsella, Francia","robots":{"index":"index","follow":"follow","max-snippet":"max-snippet:-1","max-image-preview":"max-image-preview:large","max-video-preview":"max-video-preview:-1"},"canonical":"https:\/\/fra.mirex.gob.do\/consular\/marsella\/consulado-dominicano-en-marsella-participa-en-actividad-en-honor-al-dia-de-las-madres-dominicanas\/","og_locale":"en_US","og_type":"article","og_title":"Consulado Dominicano en Marsella participa en actividad en honor al D\u00eda de las Madres Dominicanas - Consulado General de la Rep\u00fablica Dominicana en Marsella, Francia","og_description":"Marsella, Francia. \u2013 La c\u00f3nsul general de la Rep\u00fablica Dominicana en Marsella, Rep\u00fablica Francesa, Ana Emilia B\u00e1ez Santana, particip\u00f3 en la emotiva celebraci\u00f3n del D\u00eda de las Madres Dominicanas, organizada por el Sr. Anthony del Rosario, Milagros Esp\u00edritu Gonz\u00e1lez (Mila) y la pastora Alejandra Fern\u00e1ndez, con el valioso respaldo del Consulado General. El evento, que [&hellip;]","og_url":"https:\/\/fra.mirex.gob.do\/consular\/marsella\/consulado-dominicano-en-marsella-participa-en-actividad-en-honor-al-dia-de-las-madres-dominicanas\/","og_site_name":"Consulado General de la Rep\u00fablica Dominicana en Marsella, Francia","article_published_time":"2025-06-03T09:33:51+00:00","og_image":[{"width":1220,"height":854,"url":"https:\/\/fra.mirex.gob.do\/consular\/marsella\/wp-content\/uploads\/2025\/06\/WhatsApp-Image-2025-05-26-at-19.25.42.jpeg","type":"image\/jpeg"}],"author":"Sol Threeny Valera Ventura","twitter_card":"summary_large_image","twitter_misc":{"Written by":"Sol Threeny Valera Ventura","Est. reading time":"2 minutes"},"schema":{"@context":"https:\/\/schema.org","@graph":[{"@type":"Article","@id":"https:\/\/fra.mirex.gob.do\/consular\/marsella\/consulado-dominicano-en-marsella-participa-en-actividad-en-honor-al-dia-de-las-madres-dominicanas\/#article","isPartOf":{"@id":"https:\/\/fra.mirex.gob.do\/consular\/marsella\/consulado-dominicano-en-marsella-participa-en-actividad-en-honor-al-dia-de-las-madres-dominicanas\/"},"author":{"name":"Sol Threeny Valera Ventura","@id":"https:\/\/fra.mirex.gob.do\/consular\/marsella\/#\/schema\/person\/ca3e898c71ee4e904816b58e43925f87"},"headline":"Consulado Dominicano en Marsella participa en actividad en honor al D\u00eda de las Madres Dominicanas","datePublished":"2025-06-03T09:33:51+00:00","mainEntityOfPage":{"@id":"https:\/\/fra.mirex.gob.do\/consular\/marsella\/consulado-dominicano-en-marsella-participa-en-actividad-en-honor-al-dia-de-las-madres-dominicanas\/"},"wordCount":247,"publisher":{"@id":"https:\/\/fra.mirex.gob.do\/consular\/marsella\/#organization"},"image":{"@id":"https:\/\/fra.mirex.gob.do\/consular\/marsella\/consulado-dominicano-en-marsella-participa-en-actividad-en-honor-al-dia-de-las-madres-dominicanas\/#primaryimage"},"thumbnailUrl":"https:\/\/fra.mirex.gob.do\/consular\/marsella\/wp-content\/uploads\/2025\/06\/WhatsApp-Image-2025-05-26-at-19.25.42.jpeg","keywords":["ana Baez consul en marsella","con","consuladodominicanoenmarsella","dominicanosenfrancia"],"articleSection":["Noticias"],"inLanguage":"en-US"},{"@type":"WebPage","@id":"https:\/\/fra.mirex.gob.do\/consular\/marsella\/consulado-dominicano-en-marsella-participa-en-actividad-en-honor-al-dia-de-las-madres-dominicanas\/","url":"https:\/\/fra.mirex.gob.do\/consular\/marsella\/consulado-dominicano-en-marsella-participa-en-actividad-en-honor-al-dia-de-las-madres-dominicanas\/","name":"Consulado Dominicano en Marsella participa en actividad en honor al D\u00eda de las Madres Dominicanas - Consulado General de la Rep\u00fablica Dominicana en Marsella, Francia","isPartOf":{"@id":"https:\/\/fra.mirex.gob.do\/consular\/marsella\/#website"},"primaryImageOfPage":{"@id":"https:\/\/fra.mirex.gob.do\/consular\/marsella\/consulado-dominicano-en-marsella-participa-en-actividad-en-honor-al-dia-de-las-madres-dominicanas\/#primaryimage"},"image":{"@id":"https:\/\/fra.mirex.gob.do\/consular\/marsella\/consulado-dominicano-en-marsella-participa-en-actividad-en-honor-al-dia-de-las-madres-dominicanas\/#primaryimage"},"thumbnailUrl":"https:\/\/fra.mirex.gob.do\/consular\/marsella\/wp-content\/uploads\/2025\/06\/WhatsApp-Image-2025-05-26-at-19.25.42.jpeg","datePublished":"2025-06-03T09:33:51+00:00","breadcrumb":{"@id":"https:\/\/fra.mirex.gob.do\/consular\/marsella\/consulado-dominicano-en-marsella-participa-en-actividad-en-honor-al-dia-de-las-madres-dominicanas\/#breadcrumb"},"inLanguage":"en-US","potentialAction":[{"@type":"ReadAction","target":["https:\/\/fra.mirex.gob.do\/consular\/marsella\/consulado-dominicano-en-marsella-participa-en-actividad-en-honor-al-dia-de-las-madres-dominicanas\/"]}]},{"@type":"ImageObject","inLanguage":"en-US","@id":"https:\/\/fra.mirex.gob.do\/consular\/marsella\/consulado-dominicano-en-marsella-participa-en-actividad-en-honor-al-dia-de-las-madres-dominicanas\/#primaryimage","url":"https:\/\/fra.mirex.gob.do\/consular\/marsella\/wp-content\/uploads\/2025\/06\/WhatsApp-Image-2025-05-26-at-19.25.42.jpeg","contentUrl":"https:\/\/fra.mirex.gob.do\/consular\/marsella\/wp-content\/uploads\/2025\/06\/WhatsApp-Image-2025-05-26-at-19.25.42.jpeg","width":1220,"height":854},{"@type":"BreadcrumbList","@id":"https:\/\/fra.mirex.gob.do\/consular\/marsella\/consulado-dominicano-en-marsella-participa-en-actividad-en-honor-al-dia-de-las-madres-dominicanas\/#breadcrumb","itemListElement":[{"@type":"ListItem","position":1,"name":"Inicio","item":"https:\/\/fra.mirex.gob.do\/consular\/marsella\/"},{"@type":"ListItem","position":2,"name":"Consulado Dominicano en Marsella participa en actividad en honor al D\u00eda de las Madres Dominicanas"}]},{"@type":"WebSite","@id":"https:\/\/fra.mirex.gob.do\/consular\/marsella\/#website","url":"https:\/\/fra.mirex.gob.do\/consular\/marsella\/","name":"Consulado General de la Rep\u00fablica Dominicana en Marsella, Francia","description":"","publisher":{"@id":"https:\/\/fra.mirex.gob.do\/consular\/marsella\/#organization"},"potentialAction":[{"@type":"SearchAction","target":{"@type":"EntryPoint","urlTemplate":"https:\/\/fra.mirex.gob.do\/consular\/marsella\/?s={search_term_string}"},"query-input":{"@type":"PropertyValueSpecification","valueRequired":true,"valueName":"search_term_string"}}],"inLanguage":"en-US"},{"@type":"Organization","@id":"https:\/\/fra.mirex.gob.do\/consular\/marsella\/#organization","name":"Consulado General de la Rep\u00fablica Dominicana en Marsella, Francia","url":"https:\/\/fra.mirex.gob.do\/consular\/marsella\/","logo":{"@type":"ImageObject","inLanguage":"en-US","@id":"https:\/\/fra.mirex.gob.do\/consular\/marsella\/#\/schema\/logo\/image\/","url":"https:\/\/fra.mirex.gob.do\/consular\/marsella\/wp-content\/uploads\/2022\/02\/CONSULADO-Marsella-Francia-RD-04.png","contentUrl":"https:\/\/fra.mirex.gob.do\/consular\/marsella\/wp-content\/uploads\/2022\/02\/CONSULADO-Marsella-Francia-RD-04.png","width":4163,"height":1788,"caption":"Consulado General de la Rep\u00fablica Dominicana en Marsella, Francia"},"image":{"@id":"https:\/\/fra.mirex.gob.do\/consular\/marsella\/#\/schema\/logo\/image\/"}},{"@type":"Person","@id":"https:\/\/fra.mirex.gob.do\/consular\/marsella\/#\/schema\/person\/ca3e898c71ee4e904816b58e43925f87","name":"Sol Threeny Valera Ventura","image":{"@type":"ImageObject","inLanguage":"en-US","@id":"https:\/\/secure.gravatar.com\/avatar\/74f0bced5b8a28daf14829a28f8441445ba4e3f96a3b38008f8353bf02277eaf?s=96&d=mm&r=g","url":"https:\/\/secure.gravatar.com\/avatar\/74f0bced5b8a28daf14829a28f8441445ba4e3f96a3b38008f8353bf02277eaf?s=96&d=mm&r=g","contentUrl":"https:\/\/secure.gravatar.com\/avatar\/74f0bced5b8a28daf14829a28f8441445ba4e3f96a3b38008f8353bf02277eaf?s=96&d=mm&r=g","caption":"Sol Threeny Valera Ventura"}}]}},"_links":{"self":[{"href":"https:\/\/fra.mirex.gob.do\/consular\/marsella\/wp-json\/wp\/v2\/posts\/6244","targetHints":{"allow":["GET"]}}],"collection":[{"href":"https:\/\/fra.mirex.gob.do\/consular\/marsella\/wp-json\/wp\/v2\/posts"}],"about":[{"href":"https:\/\/fra.mirex.gob.do\/consular\/marsella\/wp-json\/wp\/v2\/types\/post"}],"author":[{"embeddable":true,"href":"https:\/\/fra.mirex.gob.do\/consular\/marsella\/wp-json\/wp\/v2\/users\/8"}],"replies":[{"embeddable":true,"href":"https:\/\/fra.mirex.gob.do\/consular\/marsella\/wp-json\/wp\/v2\/comments?post=6244"}],"version-history":[{"count":3,"href":"https:\/\/fra.mirex.gob.do\/consular\/marsella\/wp-json\/wp\/v2\/posts\/6244\/revisions"}],"predecessor-version":[{"id":6251,"href":"https:\/\/fra.mirex.gob.do\/consular\/marsella\/wp-json\/wp\/v2\/posts\/6244\/revisions\/6251"}],"wp:featuredmedia":[{"embeddable":true,"href":"https:\/\/fra.mirex.gob.do\/consular\/marsella\/wp-json\/wp\/v2\/media\/6245"}],"wp:attachment":[{"href":"https:\/\/fra.mirex.gob.do\/consular\/marsella\/wp-json\/wp\/v2\/media?parent=6244"}],"wp:term":[{"taxonomy":"category","embeddable":true,"href":"https:\/\/fra.mirex.gob.do\/consular\/marsella\/wp-json\/wp\/v2\/categories?post=6244"},{"taxonomy":"post_tag","embeddable":true,"href":"https:\/\/fra.mirex.gob.do\/consular\/marsella\/wp-json\/wp\/v2\/tags?post=6244"}],"curies":[{"name":"wp","href":"https:\/\/api.w.org\/{rel}","templated":true}]}}