{"id":6258,"date":"2025-06-11T20:44:20","date_gmt":"2025-06-11T20:44:20","guid":{"rendered":"https:\/\/fra.mirex.gob.do\/consular\/marsella\/?p=6258"},"modified":"2025-08-18T09:56:27","modified_gmt":"2025-08-18T09:56:27","slug":"ana-emilia-baez-consul-en-marsella-se-reune-con-el-presidente-luis-abinader-en-el-marco-de-la-tercera-conferencia-de-las-naciones-unidas-sobre-el-oceano","status":"publish","type":"post","link":"https:\/\/fra.mirex.gob.do\/consular\/marsella\/ana-emilia-baez-consul-en-marsella-se-reune-con-el-presidente-luis-abinader-en-el-marco-de-la-tercera-conferencia-de-las-naciones-unidas-sobre-el-oceano\/","title":{"rendered":"C\u00f3nsul Dominicana en  Marsella se re\u00fane con presidente Luis Abinader en el marco de la Tercera Conferencia de las Naciones Unidas sobre el Oc\u00e9ano"},"content":{"rendered":"<p>&nbsp;<\/p>\n<p><img fetchpriority=\"high\" decoding=\"async\" class=\" wp-image-6261 aligncenter\" src=\"https:\/\/fra.mirex.gob.do\/consular\/marsella\/wp-content\/uploads\/2025\/06\/WhatsApp-Image-2025-06-10-at-15.53.11-300x225.jpeg\" alt=\"C\u00f3nsul dominicana en Marsella Ana B\u00e1ez\" width=\"304\" height=\"228\" srcset=\"https:\/\/fra.mirex.gob.do\/consular\/marsella\/wp-content\/uploads\/2025\/06\/WhatsApp-Image-2025-06-10-at-15.53.11-300x225.jpeg 300w, https:\/\/fra.mirex.gob.do\/consular\/marsella\/wp-content\/uploads\/2025\/06\/WhatsApp-Image-2025-06-10-at-15.53.11-1024x768.jpeg 1024w, https:\/\/fra.mirex.gob.do\/consular\/marsella\/wp-content\/uploads\/2025\/06\/WhatsApp-Image-2025-06-10-at-15.53.11-768x576.jpeg 768w, https:\/\/fra.mirex.gob.do\/consular\/marsella\/wp-content\/uploads\/2025\/06\/WhatsApp-Image-2025-06-10-at-15.53.11-1536x1152.jpeg 1536w, https:\/\/fra.mirex.gob.do\/consular\/marsella\/wp-content\/uploads\/2025\/06\/WhatsApp-Image-2025-06-10-at-15.53.11.jpeg 1600w\" sizes=\"(max-width: 304px) 100vw, 304px\" \/><span style=\"font-size: 16px;\">Niza, Francia- La c\u00f3nsul general de la Rep\u00fablica Dominicana en Marsella, Ana Emilia B\u00e1ez, tuvo el honor de compartir con el excelent\u00edsimo se\u00f1or presidente de la Rep\u00fablica Dominicana, Luis Abinader, y la primera dama, Raquel Arbaje, durante su visita oficial a la ciudad de Niza, Francia, con motivo de la Tercera Conferencia de las Naciones Unidas sobre el Oc\u00e9ano, celebrada del 8 al 10 de junio de 2025.<\/span><\/p>\n<p><img decoding=\"async\" class=\"alignnone size-medium wp-image-6262 alignleft\" src=\"https:\/\/fra.mirex.gob.do\/consular\/marsella\/wp-content\/uploads\/2025\/06\/WhatsApp-Image-2025-06-10-at-17.01.24-225x300.jpeg\" alt=\"\" width=\"225\" height=\"300\" srcset=\"https:\/\/fra.mirex.gob.do\/consular\/marsella\/wp-content\/uploads\/2025\/06\/WhatsApp-Image-2025-06-10-at-17.01.24-225x300.jpeg 225w, https:\/\/fra.mirex.gob.do\/consular\/marsella\/wp-content\/uploads\/2025\/06\/WhatsApp-Image-2025-06-10-at-17.01.24-768x1024.jpeg 768w, https:\/\/fra.mirex.gob.do\/consular\/marsella\/wp-content\/uploads\/2025\/06\/WhatsApp-Image-2025-06-10-at-17.01.24-1152x1536.jpeg 1152w, https:\/\/fra.mirex.gob.do\/consular\/marsella\/wp-content\/uploads\/2025\/06\/WhatsApp-Image-2025-06-10-at-17.01.24.jpeg 1200w\" sizes=\"(max-width: 225px) 100vw, 225px\" \/><img decoding=\"async\" class=\"alignnone size-medium wp-image-6263 alignleft\" src=\"https:\/\/fra.mirex.gob.do\/consular\/marsella\/wp-content\/uploads\/2025\/06\/WhatsApp-Image-2025-06-10-at-17.01.26-225x300.jpeg\" alt=\"\" width=\"225\" height=\"300\" srcset=\"https:\/\/fra.mirex.gob.do\/consular\/marsella\/wp-content\/uploads\/2025\/06\/WhatsApp-Image-2025-06-10-at-17.01.26-225x300.jpeg 225w, https:\/\/fra.mirex.gob.do\/consular\/marsella\/wp-content\/uploads\/2025\/06\/WhatsApp-Image-2025-06-10-at-17.01.26-768x1024.jpeg 768w, https:\/\/fra.mirex.gob.do\/consular\/marsella\/wp-content\/uploads\/2025\/06\/WhatsApp-Image-2025-06-10-at-17.01.26-1152x1536.jpeg 1152w, https:\/\/fra.mirex.gob.do\/consular\/marsella\/wp-content\/uploads\/2025\/06\/WhatsApp-Image-2025-06-10-at-17.01.26.jpeg 1200w\" sizes=\"(max-width: 225px) 100vw, 225px\" \/><img loading=\"lazy\" decoding=\"async\" class=\"alignnone size-medium wp-image-6267 alignleft\" src=\"https:\/\/fra.mirex.gob.do\/consular\/marsella\/wp-content\/uploads\/2025\/06\/WhatsApp-Image-2025-06-10-at-17.11.07-225x300.jpeg\" alt=\"\" width=\"225\" height=\"300\" srcset=\"https:\/\/fra.mirex.gob.do\/consular\/marsella\/wp-content\/uploads\/2025\/06\/WhatsApp-Image-2025-06-10-at-17.11.07-225x300.jpeg 225w, https:\/\/fra.mirex.gob.do\/consular\/marsella\/wp-content\/uploads\/2025\/06\/WhatsApp-Image-2025-06-10-at-17.11.07-768x1024.jpeg 768w, https:\/\/fra.mirex.gob.do\/consular\/marsella\/wp-content\/uploads\/2025\/06\/WhatsApp-Image-2025-06-10-at-17.11.07-1152x1536.jpeg 1152w, https:\/\/fra.mirex.gob.do\/consular\/marsella\/wp-content\/uploads\/2025\/06\/WhatsApp-Image-2025-06-10-at-17.11.07.jpeg 1200w\" sizes=\"(max-width: 225px) 100vw, 225px\" \/><img loading=\"lazy\" decoding=\"async\" class=\"alignnone size-medium wp-image-6264 alignleft\" src=\"https:\/\/fra.mirex.gob.do\/consular\/marsella\/wp-content\/uploads\/2025\/06\/WhatsApp-Image-2025-06-10-at-17.11.06-1-225x300.jpeg\" alt=\"\" width=\"225\" height=\"300\" srcset=\"https:\/\/fra.mirex.gob.do\/consular\/marsella\/wp-content\/uploads\/2025\/06\/WhatsApp-Image-2025-06-10-at-17.11.06-1-225x300.jpeg 225w, https:\/\/fra.mirex.gob.do\/consular\/marsella\/wp-content\/uploads\/2025\/06\/WhatsApp-Image-2025-06-10-at-17.11.06-1-768x1024.jpeg 768w, https:\/\/fra.mirex.gob.do\/consular\/marsella\/wp-content\/uploads\/2025\/06\/WhatsApp-Image-2025-06-10-at-17.11.06-1-1152x1536.jpeg 1152w, https:\/\/fra.mirex.gob.do\/consular\/marsella\/wp-content\/uploads\/2025\/06\/WhatsApp-Image-2025-06-10-at-17.11.06-1.jpeg 1200w\" sizes=\"(max-width: 225px) 100vw, 225px\" \/><\/p>\n<p>&nbsp;<\/p>\n<p>&nbsp;<\/p>\n<p>&nbsp;<\/p>\n<p>&nbsp;<\/p>\n<p>&nbsp;<\/p>\n<p>&nbsp;<\/p>\n<p>&nbsp;<\/p>\n<p>&nbsp;<\/p>\n<p style=\"font-weight: 400;\">En este importante encuentro, la delegaci\u00f3n dominicana estuvo integrada por destacadas autoridades, entre ellas el embajador en Francia, David Puig; el ministro de Medio Ambiente, Pa\u00edno Henr\u00edquez; la embajadora ante la UNESCO, Larissa Veloz; y la directora del despacho presidencial, Noelia Shephard.<\/p>\n<p style=\"font-weight: 400; text-align: left;\">Durante la Conferencia, la Rep\u00fablica Dominicana no solo particip\u00f3 en la plenaria, sino que desempe\u00f1\u00f3 un papel protag\u00f3nico al ser <strong>elegida vicepresidenta regional para Am\u00e9rica Latina y el Caribe<\/strong>, lo que le confiere la responsabilidad de\u00a0<strong>presidir la sesi\u00f3n plenaria entre los pa\u00edses de la regi\u00f3n<\/strong>.Esta elecci\u00f3n representa un importante reconocimiento al compromiso del pa\u00eds con la diplomacia ambiental y con los esfuerzos multilaterales para enfrentar los desaf\u00edos que afectan a los oc\u00e9anos a nivel global.<\/p>\n<p data-start=\"640\" data-end=\"954\">\n","protected":false},"excerpt":{"rendered":"<p>&nbsp; Niza, Francia- La c\u00f3nsul general de la Rep\u00fablica Dominicana en Marsella, Ana Emilia B\u00e1ez, tuvo el honor de compartir con el excelent\u00edsimo se\u00f1or presidente de la Rep\u00fablica Dominicana, Luis Abinader, y la primera dama, Raquel Arbaje, durante su visita oficial a la ciudad de Niza, Francia, con motivo de la Tercera Conferencia de las [&hellip;]<\/p>\n","protected":false},"author":8,"featured_media":6261,"comment_status":"closed","ping_status":"open","sticky":false,"template":"","format":"standard","meta":{"site-sidebar-layout":"default","site-content-layout":"","ast-site-content-layout":"default","site-content-style":"default","site-sidebar-style":"default","ast-global-header-display":"","ast-banner-title-visibility":"","ast-main-header-display":"","ast-hfb-above-header-display":"","ast-hfb-below-header-display":"","ast-hfb-mobile-header-display":"","site-post-title":"","ast-breadcrumbs-content":"","ast-featured-img":"","footer-sml-layout":"","ast-disable-related-posts":"","theme-transparent-header-meta":"default","adv-header-id-meta":"","stick-header-meta":"","header-above-stick-meta":"","header-main-stick-meta":"","header-below-stick-meta":"","astra-migrate-meta-layouts":"set","ast-page-background-enabled":"default","ast-page-background-meta":{"desktop":{"background-color":"","background-image":"","background-repeat":"repeat","background-position":"center center","background-size":"auto","background-attachment":"scroll","background-type":"","background-media":"","overlay-type":"","overlay-color":"","overlay-opacity":"","overlay-gradient":""},"tablet":{"background-color":"","background-image":"","background-repeat":"repeat","background-position":"center center","background-size":"auto","background-attachment":"scroll","background-type":"","background-media":"","overlay-type":"","overlay-color":"","overlay-opacity":"","overlay-gradient":""},"mobile":{"background-color":"","background-image":"","background-repeat":"repeat","background-position":"center center","background-size":"auto","background-attachment":"scroll","background-type":"","background-media":"","overlay-type":"","overlay-color":"","overlay-opacity":"","overlay-gradient":""}},"ast-content-background-meta":{"desktop":{"background-color":"var(--ast-global-color-5)","background-image":"","background-repeat":"repeat","background-position":"center center","background-size":"auto","background-attachment":"scroll","background-type":"","background-media":"","overlay-type":"","overlay-color":"","overlay-opacity":"","overlay-gradient":""},"tablet":{"background-color":"var(--ast-global-color-5)","background-image":"","background-repeat":"repeat","background-position":"center center","background-size":"auto","background-attachment":"scroll","background-type":"","background-media":"","overlay-type":"","overlay-color":"","overlay-opacity":"","overlay-gradient":""},"mobile":{"background-color":"var(--ast-global-color-5)","background-image":"","background-repeat":"repeat","background-position":"center center","background-size":"auto","background-attachment":"scroll","background-type":"","background-media":"","overlay-type":"","overlay-color":"","overlay-opacity":"","overlay-gradient":""}},"footnotes":""},"categories":[1],"tags":[44,47,46,41,49,48,50],"class_list":["post-6258","post","type-post","status-publish","format-standard","has-post-thumbnail","hentry","category-sin-categorizar","tag-ana-emilia-baez-consul-dominicana-en-marsella","tag-ana-emilia-baez-marsella","tag-consul-dominicana-en-marsella","tag-dominicanosenfrancia","tag-luis-abinader","tag-luis-abinader-en-niza","tag-mirex"],"yoast_head":"<!-- This site is optimized with the Yoast SEO plugin v27.5 - https:\/\/yoast.com\/product\/yoast-seo-wordpress\/ -->\n<title>C\u00f3nsul Dominicana en Marsella se re\u00fane con presidente Luis Abinader en el marco de la Tercera Conferencia de las Naciones Unidas sobre el Oc\u00e9ano - Consulado General de la Rep\u00fablica Dominicana en Marsella, Francia<\/title>\n<meta name=\"robots\" content=\"index, follow, max-snippet:-1, max-image-preview:large, max-video-preview:-1\" \/>\n<link rel=\"canonical\" href=\"https:\/\/fra.mirex.gob.do\/consular\/marsella\/ana-emilia-baez-consul-en-marsella-se-reune-con-el-presidente-luis-abinader-en-el-marco-de-la-tercera-conferencia-de-las-naciones-unidas-sobre-el-oceano\/\" \/>\n<meta property=\"og:locale\" content=\"en_US\" \/>\n<meta property=\"og:type\" content=\"article\" \/>\n<meta property=\"og:title\" content=\"C\u00f3nsul Dominicana en Marsella se re\u00fane con presidente Luis Abinader en el marco de la Tercera Conferencia de las Naciones Unidas sobre el Oc\u00e9ano - Consulado General de la Rep\u00fablica Dominicana en Marsella, Francia\" \/>\n<meta property=\"og:description\" content=\"&nbsp; Niza, Francia- La c\u00f3nsul general de la Rep\u00fablica Dominicana en Marsella, Ana Emilia B\u00e1ez, tuvo el honor de compartir con el excelent\u00edsimo se\u00f1or presidente de la Rep\u00fablica Dominicana, Luis Abinader, y la primera dama, Raquel Arbaje, durante su visita oficial a la ciudad de Niza, Francia, con motivo de la Tercera Conferencia de las [&hellip;]\" \/>\n<meta property=\"og:url\" content=\"https:\/\/fra.mirex.gob.do\/consular\/marsella\/ana-emilia-baez-consul-en-marsella-se-reune-con-el-presidente-luis-abinader-en-el-marco-de-la-tercera-conferencia-de-las-naciones-unidas-sobre-el-oceano\/\" \/>\n<meta property=\"og:site_name\" content=\"Consulado General de la Rep\u00fablica Dominicana en Marsella, Francia\" \/>\n<meta property=\"article:published_time\" content=\"2025-06-11T20:44:20+00:00\" \/>\n<meta property=\"article:modified_time\" content=\"2025-08-18T09:56:27+00:00\" \/>\n<meta property=\"og:image\" content=\"https:\/\/fra.mirex.gob.do\/consular\/marsella\/wp-content\/uploads\/2025\/06\/WhatsApp-Image-2025-06-10-at-15.53.11.jpeg\" \/>\n\t<meta property=\"og:image:width\" content=\"1600\" \/>\n\t<meta property=\"og:image:height\" content=\"1200\" \/>\n\t<meta property=\"og:image:type\" content=\"image\/jpeg\" \/>\n<meta name=\"author\" content=\"Sol Threeny Valera Ventura\" \/>\n<meta name=\"twitter:card\" content=\"summary_large_image\" \/>\n<meta name=\"twitter:label1\" content=\"Written by\" \/>\n\t<meta name=\"twitter:data1\" content=\"Sol Threeny Valera Ventura\" \/>\n\t<meta name=\"twitter:label2\" content=\"Est. reading time\" \/>\n\t<meta name=\"twitter:data2\" content=\"3 minutes\" \/>\n<script type=\"application\/ld+json\" class=\"yoast-schema-graph\">{\"@context\":\"https:\\\/\\\/schema.org\",\"@graph\":[{\"@type\":\"Article\",\"@id\":\"https:\\\/\\\/fra.mirex.gob.do\\\/consular\\\/marsella\\\/ana-emilia-baez-consul-en-marsella-se-reune-con-el-presidente-luis-abinader-en-el-marco-de-la-tercera-conferencia-de-las-naciones-unidas-sobre-el-oceano\\\/#article\",\"isPartOf\":{\"@id\":\"https:\\\/\\\/fra.mirex.gob.do\\\/consular\\\/marsella\\\/ana-emilia-baez-consul-en-marsella-se-reune-con-el-presidente-luis-abinader-en-el-marco-de-la-tercera-conferencia-de-las-naciones-unidas-sobre-el-oceano\\\/\"},\"author\":{\"name\":\"Sol Threeny Valera Ventura\",\"@id\":\"https:\\\/\\\/fra.mirex.gob.do\\\/consular\\\/marsella\\\/#\\\/schema\\\/person\\\/ca3e898c71ee4e904816b58e43925f87\"},\"headline\":\"C\u00f3nsul Dominicana en Marsella se re\u00fane con presidente Luis Abinader en el marco de la Tercera Conferencia de las Naciones Unidas sobre el Oc\u00e9ano\",\"datePublished\":\"2025-06-11T20:44:20+00:00\",\"dateModified\":\"2025-08-18T09:56:27+00:00\",\"mainEntityOfPage\":{\"@id\":\"https:\\\/\\\/fra.mirex.gob.do\\\/consular\\\/marsella\\\/ana-emilia-baez-consul-en-marsella-se-reune-con-el-presidente-luis-abinader-en-el-marco-de-la-tercera-conferencia-de-las-naciones-unidas-sobre-el-oceano\\\/\"},\"wordCount\":240,\"publisher\":{\"@id\":\"https:\\\/\\\/fra.mirex.gob.do\\\/consular\\\/marsella\\\/#organization\"},\"image\":{\"@id\":\"https:\\\/\\\/fra.mirex.gob.do\\\/consular\\\/marsella\\\/ana-emilia-baez-consul-en-marsella-se-reune-con-el-presidente-luis-abinader-en-el-marco-de-la-tercera-conferencia-de-las-naciones-unidas-sobre-el-oceano\\\/#primaryimage\"},\"thumbnailUrl\":\"https:\\\/\\\/fra.mirex.gob.do\\\/consular\\\/marsella\\\/wp-content\\\/uploads\\\/2025\\\/06\\\/WhatsApp-Image-2025-06-10-at-15.53.11.jpeg\",\"keywords\":[\"ana Emilia Baez consul dominicana en marsella\",\"ana Emilia baez marsella\",\"consul dominicana en marsella\",\"dominicanosenfrancia\",\"luis abinader\",\"Luis Abinader en niza\",\"mirex\"],\"articleSection\":[\"Sin categorizar\"],\"inLanguage\":\"en-US\"},{\"@type\":\"WebPage\",\"@id\":\"https:\\\/\\\/fra.mirex.gob.do\\\/consular\\\/marsella\\\/ana-emilia-baez-consul-en-marsella-se-reune-con-el-presidente-luis-abinader-en-el-marco-de-la-tercera-conferencia-de-las-naciones-unidas-sobre-el-oceano\\\/\",\"url\":\"https:\\\/\\\/fra.mirex.gob.do\\\/consular\\\/marsella\\\/ana-emilia-baez-consul-en-marsella-se-reune-con-el-presidente-luis-abinader-en-el-marco-de-la-tercera-conferencia-de-las-naciones-unidas-sobre-el-oceano\\\/\",\"name\":\"C\u00f3nsul Dominicana en Marsella se re\u00fane con presidente Luis Abinader en el marco de la Tercera Conferencia de las Naciones Unidas sobre el Oc\u00e9ano - Consulado General de la Rep\u00fablica Dominicana en Marsella, Francia\",\"isPartOf\":{\"@id\":\"https:\\\/\\\/fra.mirex.gob.do\\\/consular\\\/marsella\\\/#website\"},\"primaryImageOfPage\":{\"@id\":\"https:\\\/\\\/fra.mirex.gob.do\\\/consular\\\/marsella\\\/ana-emilia-baez-consul-en-marsella-se-reune-con-el-presidente-luis-abinader-en-el-marco-de-la-tercera-conferencia-de-las-naciones-unidas-sobre-el-oceano\\\/#primaryimage\"},\"image\":{\"@id\":\"https:\\\/\\\/fra.mirex.gob.do\\\/consular\\\/marsella\\\/ana-emilia-baez-consul-en-marsella-se-reune-con-el-presidente-luis-abinader-en-el-marco-de-la-tercera-conferencia-de-las-naciones-unidas-sobre-el-oceano\\\/#primaryimage\"},\"thumbnailUrl\":\"https:\\\/\\\/fra.mirex.gob.do\\\/consular\\\/marsella\\\/wp-content\\\/uploads\\\/2025\\\/06\\\/WhatsApp-Image-2025-06-10-at-15.53.11.jpeg\",\"datePublished\":\"2025-06-11T20:44:20+00:00\",\"dateModified\":\"2025-08-18T09:56:27+00:00\",\"breadcrumb\":{\"@id\":\"https:\\\/\\\/fra.mirex.gob.do\\\/consular\\\/marsella\\\/ana-emilia-baez-consul-en-marsella-se-reune-con-el-presidente-luis-abinader-en-el-marco-de-la-tercera-conferencia-de-las-naciones-unidas-sobre-el-oceano\\\/#breadcrumb\"},\"inLanguage\":\"en-US\",\"potentialAction\":[{\"@type\":\"ReadAction\",\"target\":[\"https:\\\/\\\/fra.mirex.gob.do\\\/consular\\\/marsella\\\/ana-emilia-baez-consul-en-marsella-se-reune-con-el-presidente-luis-abinader-en-el-marco-de-la-tercera-conferencia-de-las-naciones-unidas-sobre-el-oceano\\\/\"]}]},{\"@type\":\"ImageObject\",\"inLanguage\":\"en-US\",\"@id\":\"https:\\\/\\\/fra.mirex.gob.do\\\/consular\\\/marsella\\\/ana-emilia-baez-consul-en-marsella-se-reune-con-el-presidente-luis-abinader-en-el-marco-de-la-tercera-conferencia-de-las-naciones-unidas-sobre-el-oceano\\\/#primaryimage\",\"url\":\"https:\\\/\\\/fra.mirex.gob.do\\\/consular\\\/marsella\\\/wp-content\\\/uploads\\\/2025\\\/06\\\/WhatsApp-Image-2025-06-10-at-15.53.11.jpeg\",\"contentUrl\":\"https:\\\/\\\/fra.mirex.gob.do\\\/consular\\\/marsella\\\/wp-content\\\/uploads\\\/2025\\\/06\\\/WhatsApp-Image-2025-06-10-at-15.53.11.jpeg\",\"width\":1600,\"height\":1200,\"caption\":\"Consul dominicana en Marsella Ana B\u00e1ez\"},{\"@type\":\"BreadcrumbList\",\"@id\":\"https:\\\/\\\/fra.mirex.gob.do\\\/consular\\\/marsella\\\/ana-emilia-baez-consul-en-marsella-se-reune-con-el-presidente-luis-abinader-en-el-marco-de-la-tercera-conferencia-de-las-naciones-unidas-sobre-el-oceano\\\/#breadcrumb\",\"itemListElement\":[{\"@type\":\"ListItem\",\"position\":1,\"name\":\"Inicio\",\"item\":\"https:\\\/\\\/fra.mirex.gob.do\\\/consular\\\/marsella\\\/\"},{\"@type\":\"ListItem\",\"position\":2,\"name\":\"C\u00f3nsul Dominicana en Marsella se re\u00fane con presidente Luis Abinader en el marco de la Tercera Conferencia de las Naciones Unidas sobre el Oc\u00e9ano\"}]},{\"@type\":\"WebSite\",\"@id\":\"https:\\\/\\\/fra.mirex.gob.do\\\/consular\\\/marsella\\\/#website\",\"url\":\"https:\\\/\\\/fra.mirex.gob.do\\\/consular\\\/marsella\\\/\",\"name\":\"Consulado General de la Rep\u00fablica Dominicana en Marsella, Francia\",\"description\":\"\",\"publisher\":{\"@id\":\"https:\\\/\\\/fra.mirex.gob.do\\\/consular\\\/marsella\\\/#organization\"},\"potentialAction\":[{\"@type\":\"SearchAction\",\"target\":{\"@type\":\"EntryPoint\",\"urlTemplate\":\"https:\\\/\\\/fra.mirex.gob.do\\\/consular\\\/marsella\\\/?s={search_term_string}\"},\"query-input\":{\"@type\":\"PropertyValueSpecification\",\"valueRequired\":true,\"valueName\":\"search_term_string\"}}],\"inLanguage\":\"en-US\"},{\"@type\":\"Organization\",\"@id\":\"https:\\\/\\\/fra.mirex.gob.do\\\/consular\\\/marsella\\\/#organization\",\"name\":\"Consulado General de la Rep\u00fablica Dominicana en Marsella, Francia\",\"url\":\"https:\\\/\\\/fra.mirex.gob.do\\\/consular\\\/marsella\\\/\",\"logo\":{\"@type\":\"ImageObject\",\"inLanguage\":\"en-US\",\"@id\":\"https:\\\/\\\/fra.mirex.gob.do\\\/consular\\\/marsella\\\/#\\\/schema\\\/logo\\\/image\\\/\",\"url\":\"https:\\\/\\\/fra.mirex.gob.do\\\/consular\\\/marsella\\\/wp-content\\\/uploads\\\/2022\\\/02\\\/CONSULADO-Marsella-Francia-RD-04.png\",\"contentUrl\":\"https:\\\/\\\/fra.mirex.gob.do\\\/consular\\\/marsella\\\/wp-content\\\/uploads\\\/2022\\\/02\\\/CONSULADO-Marsella-Francia-RD-04.png\",\"width\":4163,\"height\":1788,\"caption\":\"Consulado General de la Rep\u00fablica Dominicana en Marsella, Francia\"},\"image\":{\"@id\":\"https:\\\/\\\/fra.mirex.gob.do\\\/consular\\\/marsella\\\/#\\\/schema\\\/logo\\\/image\\\/\"}},{\"@type\":\"Person\",\"@id\":\"https:\\\/\\\/fra.mirex.gob.do\\\/consular\\\/marsella\\\/#\\\/schema\\\/person\\\/ca3e898c71ee4e904816b58e43925f87\",\"name\":\"Sol Threeny Valera Ventura\",\"image\":{\"@type\":\"ImageObject\",\"inLanguage\":\"en-US\",\"@id\":\"https:\\\/\\\/secure.gravatar.com\\\/avatar\\\/74f0bced5b8a28daf14829a28f8441445ba4e3f96a3b38008f8353bf02277eaf?s=96&d=mm&r=g\",\"url\":\"https:\\\/\\\/secure.gravatar.com\\\/avatar\\\/74f0bced5b8a28daf14829a28f8441445ba4e3f96a3b38008f8353bf02277eaf?s=96&d=mm&r=g\",\"contentUrl\":\"https:\\\/\\\/secure.gravatar.com\\\/avatar\\\/74f0bced5b8a28daf14829a28f8441445ba4e3f96a3b38008f8353bf02277eaf?s=96&d=mm&r=g\",\"caption\":\"Sol Threeny Valera Ventura\"}}]}<\/script>\n<!-- \/ Yoast SEO plugin. -->","yoast_head_json":{"title":"C\u00f3nsul Dominicana en Marsella se re\u00fane con presidente Luis Abinader en el marco de la Tercera Conferencia de las Naciones Unidas sobre el Oc\u00e9ano - Consulado General de la Rep\u00fablica Dominicana en Marsella, Francia","robots":{"index":"index","follow":"follow","max-snippet":"max-snippet:-1","max-image-preview":"max-image-preview:large","max-video-preview":"max-video-preview:-1"},"canonical":"https:\/\/fra.mirex.gob.do\/consular\/marsella\/ana-emilia-baez-consul-en-marsella-se-reune-con-el-presidente-luis-abinader-en-el-marco-de-la-tercera-conferencia-de-las-naciones-unidas-sobre-el-oceano\/","og_locale":"en_US","og_type":"article","og_title":"C\u00f3nsul Dominicana en Marsella se re\u00fane con presidente Luis Abinader en el marco de la Tercera Conferencia de las Naciones Unidas sobre el Oc\u00e9ano - Consulado General de la Rep\u00fablica Dominicana en Marsella, Francia","og_description":"&nbsp; Niza, Francia- La c\u00f3nsul general de la Rep\u00fablica Dominicana en Marsella, Ana Emilia B\u00e1ez, tuvo el honor de compartir con el excelent\u00edsimo se\u00f1or presidente de la Rep\u00fablica Dominicana, Luis Abinader, y la primera dama, Raquel Arbaje, durante su visita oficial a la ciudad de Niza, Francia, con motivo de la Tercera Conferencia de las [&hellip;]","og_url":"https:\/\/fra.mirex.gob.do\/consular\/marsella\/ana-emilia-baez-consul-en-marsella-se-reune-con-el-presidente-luis-abinader-en-el-marco-de-la-tercera-conferencia-de-las-naciones-unidas-sobre-el-oceano\/","og_site_name":"Consulado General de la Rep\u00fablica Dominicana en Marsella, Francia","article_published_time":"2025-06-11T20:44:20+00:00","article_modified_time":"2025-08-18T09:56:27+00:00","og_image":[{"width":1600,"height":1200,"url":"https:\/\/fra.mirex.gob.do\/consular\/marsella\/wp-content\/uploads\/2025\/06\/WhatsApp-Image-2025-06-10-at-15.53.11.jpeg","type":"image\/jpeg"}],"author":"Sol Threeny Valera Ventura","twitter_card":"summary_large_image","twitter_misc":{"Written by":"Sol Threeny Valera Ventura","Est. reading time":"3 minutes"},"schema":{"@context":"https:\/\/schema.org","@graph":[{"@type":"Article","@id":"https:\/\/fra.mirex.gob.do\/consular\/marsella\/ana-emilia-baez-consul-en-marsella-se-reune-con-el-presidente-luis-abinader-en-el-marco-de-la-tercera-conferencia-de-las-naciones-unidas-sobre-el-oceano\/#article","isPartOf":{"@id":"https:\/\/fra.mirex.gob.do\/consular\/marsella\/ana-emilia-baez-consul-en-marsella-se-reune-con-el-presidente-luis-abinader-en-el-marco-de-la-tercera-conferencia-de-las-naciones-unidas-sobre-el-oceano\/"},"author":{"name":"Sol Threeny Valera Ventura","@id":"https:\/\/fra.mirex.gob.do\/consular\/marsella\/#\/schema\/person\/ca3e898c71ee4e904816b58e43925f87"},"headline":"C\u00f3nsul Dominicana en Marsella se re\u00fane con presidente Luis Abinader en el marco de la Tercera Conferencia de las Naciones Unidas sobre el Oc\u00e9ano","datePublished":"2025-06-11T20:44:20+00:00","dateModified":"2025-08-18T09:56:27+00:00","mainEntityOfPage":{"@id":"https:\/\/fra.mirex.gob.do\/consular\/marsella\/ana-emilia-baez-consul-en-marsella-se-reune-con-el-presidente-luis-abinader-en-el-marco-de-la-tercera-conferencia-de-las-naciones-unidas-sobre-el-oceano\/"},"wordCount":240,"publisher":{"@id":"https:\/\/fra.mirex.gob.do\/consular\/marsella\/#organization"},"image":{"@id":"https:\/\/fra.mirex.gob.do\/consular\/marsella\/ana-emilia-baez-consul-en-marsella-se-reune-con-el-presidente-luis-abinader-en-el-marco-de-la-tercera-conferencia-de-las-naciones-unidas-sobre-el-oceano\/#primaryimage"},"thumbnailUrl":"https:\/\/fra.mirex.gob.do\/consular\/marsella\/wp-content\/uploads\/2025\/06\/WhatsApp-Image-2025-06-10-at-15.53.11.jpeg","keywords":["ana Emilia Baez consul dominicana en marsella","ana Emilia baez marsella","consul dominicana en marsella","dominicanosenfrancia","luis abinader","Luis Abinader en niza","mirex"],"articleSection":["Sin categorizar"],"inLanguage":"en-US"},{"@type":"WebPage","@id":"https:\/\/fra.mirex.gob.do\/consular\/marsella\/ana-emilia-baez-consul-en-marsella-se-reune-con-el-presidente-luis-abinader-en-el-marco-de-la-tercera-conferencia-de-las-naciones-unidas-sobre-el-oceano\/","url":"https:\/\/fra.mirex.gob.do\/consular\/marsella\/ana-emilia-baez-consul-en-marsella-se-reune-con-el-presidente-luis-abinader-en-el-marco-de-la-tercera-conferencia-de-las-naciones-unidas-sobre-el-oceano\/","name":"C\u00f3nsul Dominicana en Marsella se re\u00fane con presidente Luis Abinader en el marco de la Tercera Conferencia de las Naciones Unidas sobre el Oc\u00e9ano - Consulado General de la Rep\u00fablica Dominicana en Marsella, Francia","isPartOf":{"@id":"https:\/\/fra.mirex.gob.do\/consular\/marsella\/#website"},"primaryImageOfPage":{"@id":"https:\/\/fra.mirex.gob.do\/consular\/marsella\/ana-emilia-baez-consul-en-marsella-se-reune-con-el-presidente-luis-abinader-en-el-marco-de-la-tercera-conferencia-de-las-naciones-unidas-sobre-el-oceano\/#primaryimage"},"image":{"@id":"https:\/\/fra.mirex.gob.do\/consular\/marsella\/ana-emilia-baez-consul-en-marsella-se-reune-con-el-presidente-luis-abinader-en-el-marco-de-la-tercera-conferencia-de-las-naciones-unidas-sobre-el-oceano\/#primaryimage"},"thumbnailUrl":"https:\/\/fra.mirex.gob.do\/consular\/marsella\/wp-content\/uploads\/2025\/06\/WhatsApp-Image-2025-06-10-at-15.53.11.jpeg","datePublished":"2025-06-11T20:44:20+00:00","dateModified":"2025-08-18T09:56:27+00:00","breadcrumb":{"@id":"https:\/\/fra.mirex.gob.do\/consular\/marsella\/ana-emilia-baez-consul-en-marsella-se-reune-con-el-presidente-luis-abinader-en-el-marco-de-la-tercera-conferencia-de-las-naciones-unidas-sobre-el-oceano\/#breadcrumb"},"inLanguage":"en-US","potentialAction":[{"@type":"ReadAction","target":["https:\/\/fra.mirex.gob.do\/consular\/marsella\/ana-emilia-baez-consul-en-marsella-se-reune-con-el-presidente-luis-abinader-en-el-marco-de-la-tercera-conferencia-de-las-naciones-unidas-sobre-el-oceano\/"]}]},{"@type":"ImageObject","inLanguage":"en-US","@id":"https:\/\/fra.mirex.gob.do\/consular\/marsella\/ana-emilia-baez-consul-en-marsella-se-reune-con-el-presidente-luis-abinader-en-el-marco-de-la-tercera-conferencia-de-las-naciones-unidas-sobre-el-oceano\/#primaryimage","url":"https:\/\/fra.mirex.gob.do\/consular\/marsella\/wp-content\/uploads\/2025\/06\/WhatsApp-Image-2025-06-10-at-15.53.11.jpeg","contentUrl":"https:\/\/fra.mirex.gob.do\/consular\/marsella\/wp-content\/uploads\/2025\/06\/WhatsApp-Image-2025-06-10-at-15.53.11.jpeg","width":1600,"height":1200,"caption":"Consul dominicana en Marsella Ana B\u00e1ez"},{"@type":"BreadcrumbList","@id":"https:\/\/fra.mirex.gob.do\/consular\/marsella\/ana-emilia-baez-consul-en-marsella-se-reune-con-el-presidente-luis-abinader-en-el-marco-de-la-tercera-conferencia-de-las-naciones-unidas-sobre-el-oceano\/#breadcrumb","itemListElement":[{"@type":"ListItem","position":1,"name":"Inicio","item":"https:\/\/fra.mirex.gob.do\/consular\/marsella\/"},{"@type":"ListItem","position":2,"name":"C\u00f3nsul Dominicana en Marsella se re\u00fane con presidente Luis Abinader en el marco de la Tercera Conferencia de las Naciones Unidas sobre el Oc\u00e9ano"}]},{"@type":"WebSite","@id":"https:\/\/fra.mirex.gob.do\/consular\/marsella\/#website","url":"https:\/\/fra.mirex.gob.do\/consular\/marsella\/","name":"Consulado General de la Rep\u00fablica Dominicana en Marsella, Francia","description":"","publisher":{"@id":"https:\/\/fra.mirex.gob.do\/consular\/marsella\/#organization"},"potentialAction":[{"@type":"SearchAction","target":{"@type":"EntryPoint","urlTemplate":"https:\/\/fra.mirex.gob.do\/consular\/marsella\/?s={search_term_string}"},"query-input":{"@type":"PropertyValueSpecification","valueRequired":true,"valueName":"search_term_string"}}],"inLanguage":"en-US"},{"@type":"Organization","@id":"https:\/\/fra.mirex.gob.do\/consular\/marsella\/#organization","name":"Consulado General de la Rep\u00fablica Dominicana en Marsella, Francia","url":"https:\/\/fra.mirex.gob.do\/consular\/marsella\/","logo":{"@type":"ImageObject","inLanguage":"en-US","@id":"https:\/\/fra.mirex.gob.do\/consular\/marsella\/#\/schema\/logo\/image\/","url":"https:\/\/fra.mirex.gob.do\/consular\/marsella\/wp-content\/uploads\/2022\/02\/CONSULADO-Marsella-Francia-RD-04.png","contentUrl":"https:\/\/fra.mirex.gob.do\/consular\/marsella\/wp-content\/uploads\/2022\/02\/CONSULADO-Marsella-Francia-RD-04.png","width":4163,"height":1788,"caption":"Consulado General de la Rep\u00fablica Dominicana en Marsella, Francia"},"image":{"@id":"https:\/\/fra.mirex.gob.do\/consular\/marsella\/#\/schema\/logo\/image\/"}},{"@type":"Person","@id":"https:\/\/fra.mirex.gob.do\/consular\/marsella\/#\/schema\/person\/ca3e898c71ee4e904816b58e43925f87","name":"Sol Threeny Valera Ventura","image":{"@type":"ImageObject","inLanguage":"en-US","@id":"https:\/\/secure.gravatar.com\/avatar\/74f0bced5b8a28daf14829a28f8441445ba4e3f96a3b38008f8353bf02277eaf?s=96&d=mm&r=g","url":"https:\/\/secure.gravatar.com\/avatar\/74f0bced5b8a28daf14829a28f8441445ba4e3f96a3b38008f8353bf02277eaf?s=96&d=mm&r=g","contentUrl":"https:\/\/secure.gravatar.com\/avatar\/74f0bced5b8a28daf14829a28f8441445ba4e3f96a3b38008f8353bf02277eaf?s=96&d=mm&r=g","caption":"Sol Threeny Valera Ventura"}}]}},"_links":{"self":[{"href":"https:\/\/fra.mirex.gob.do\/consular\/marsella\/wp-json\/wp\/v2\/posts\/6258","targetHints":{"allow":["GET"]}}],"collection":[{"href":"https:\/\/fra.mirex.gob.do\/consular\/marsella\/wp-json\/wp\/v2\/posts"}],"about":[{"href":"https:\/\/fra.mirex.gob.do\/consular\/marsella\/wp-json\/wp\/v2\/types\/post"}],"author":[{"embeddable":true,"href":"https:\/\/fra.mirex.gob.do\/consular\/marsella\/wp-json\/wp\/v2\/users\/8"}],"replies":[{"embeddable":true,"href":"https:\/\/fra.mirex.gob.do\/consular\/marsella\/wp-json\/wp\/v2\/comments?post=6258"}],"version-history":[{"count":8,"href":"https:\/\/fra.mirex.gob.do\/consular\/marsella\/wp-json\/wp\/v2\/posts\/6258\/revisions"}],"predecessor-version":[{"id":6289,"href":"https:\/\/fra.mirex.gob.do\/consular\/marsella\/wp-json\/wp\/v2\/posts\/6258\/revisions\/6289"}],"wp:featuredmedia":[{"embeddable":true,"href":"https:\/\/fra.mirex.gob.do\/consular\/marsella\/wp-json\/wp\/v2\/media\/6261"}],"wp:attachment":[{"href":"https:\/\/fra.mirex.gob.do\/consular\/marsella\/wp-json\/wp\/v2\/media?parent=6258"}],"wp:term":[{"taxonomy":"category","embeddable":true,"href":"https:\/\/fra.mirex.gob.do\/consular\/marsella\/wp-json\/wp\/v2\/categories?post=6258"},{"taxonomy":"post_tag","embeddable":true,"href":"https:\/\/fra.mirex.gob.do\/consular\/marsella\/wp-json\/wp\/v2\/tags?post=6258"}],"curies":[{"name":"wp","href":"https:\/\/api.w.org\/{rel}","templated":true}]}}