{"id":6274,"date":"2025-06-22T07:55:22","date_gmt":"2025-06-22T07:55:22","guid":{"rendered":"https:\/\/fra.mirex.gob.do\/consular\/marsella\/?p=6274"},"modified":"2025-06-22T10:19:53","modified_gmt":"2025-06-22T10:19:53","slug":"republica-dominicana-brilla-en-las-fiestas-consulares-de-lyon-2025","status":"publish","type":"post","link":"https:\/\/fra.mirex.gob.do\/consular\/marsella\/republica-dominicana-brilla-en-las-fiestas-consulares-de-lyon-2025\/","title":{"rendered":"Rep\u00fablica Dominicana brilla en las Fiestas Consulares de Lyon 2025"},"content":{"rendered":"<p data-start=\"222\" data-end=\"538\">Lyon, Francia. \u2013 El Consulado General de la Rep\u00fablica Dominicana en Marsella, bajo el liderazgo de la c\u00f3nsul general Ana Emilia B\u00e1ez, particip\u00f3 con gran entusiasmo en las Fiestas Consulares de Lyon 2025, destacando lo mejor de la cultura dominicana en uno de los eventos multiculturales m\u00e1s importantes de la ciudad.<\/p>\n<p data-start=\"222\" data-end=\"538\"><img fetchpriority=\"high\" decoding=\"async\" class=\"alignnone size-medium wp-image-6277 alignright\" src=\"https:\/\/fra.mirex.gob.do\/consular\/marsella\/wp-content\/uploads\/2025\/06\/3b3d1d06-2932-4a46-a61d-2ae264b80b7a-300x200.jpg\" alt=\"F\u00eates consulaires de Lyon 2025\" width=\"300\" height=\"200\" srcset=\"https:\/\/fra.mirex.gob.do\/consular\/marsella\/wp-content\/uploads\/2025\/06\/3b3d1d06-2932-4a46-a61d-2ae264b80b7a-300x200.jpg 300w, https:\/\/fra.mirex.gob.do\/consular\/marsella\/wp-content\/uploads\/2025\/06\/3b3d1d06-2932-4a46-a61d-2ae264b80b7a-1024x684.jpg 1024w, https:\/\/fra.mirex.gob.do\/consular\/marsella\/wp-content\/uploads\/2025\/06\/3b3d1d06-2932-4a46-a61d-2ae264b80b7a-768x513.jpg 768w, https:\/\/fra.mirex.gob.do\/consular\/marsella\/wp-content\/uploads\/2025\/06\/3b3d1d06-2932-4a46-a61d-2ae264b80b7a-1536x1027.jpg 1536w, https:\/\/fra.mirex.gob.do\/consular\/marsella\/wp-content\/uploads\/2025\/06\/3b3d1d06-2932-4a46-a61d-2ae264b80b7a.jpg 1616w\" sizes=\"(max-width: 300px) 100vw, 300px\" \/><img decoding=\"async\" class=\"alignnone wp-image-6285 alignright\" src=\"https:\/\/fra.mirex.gob.do\/consular\/marsella\/wp-content\/uploads\/2025\/06\/IMG_2981-300x225.jpg\" alt=\"\" width=\"267\" height=\"200\" srcset=\"https:\/\/fra.mirex.gob.do\/consular\/marsella\/wp-content\/uploads\/2025\/06\/IMG_2981-300x225.jpg 300w, https:\/\/fra.mirex.gob.do\/consular\/marsella\/wp-content\/uploads\/2025\/06\/IMG_2981-1024x768.jpg 1024w, https:\/\/fra.mirex.gob.do\/consular\/marsella\/wp-content\/uploads\/2025\/06\/IMG_2981-768x576.jpg 768w, https:\/\/fra.mirex.gob.do\/consular\/marsella\/wp-content\/uploads\/2025\/06\/IMG_2981-1536x1152.jpg 1536w, https:\/\/fra.mirex.gob.do\/consular\/marsella\/wp-content\/uploads\/2025\/06\/IMG_2981.jpg 2048w\" sizes=\"(max-width: 267px) 100vw, 267px\" \/><\/p>\n<p data-start=\"540\" data-end=\"776\">Durante la jornada, m\u00e1s de 1,000 personas visitaron el stand de la Rep\u00fablica Dominicana, donde pudieron disfrutar de muestras culturales, tradiciones, arte, m\u00fasica y expresiones del talento nacional, en un ambiente de alegr\u00eda y calidez.<\/p>\n<p data-start=\"778\" data-end=\"1012\">El Consulado Dominicano agradece profundamente al alcalde de Lyon, Sr. Gr\u00e9gory Doucet, por honrar con su presencia el stand dominicano, as\u00ed como por su respaldo al fortalecimiento del intercambio cultural y la diversidad en la ciudad.<\/p>\n<p data-start=\"778\" data-end=\"1012\"><img decoding=\"async\" class=\"alignnone size-medium wp-image-6283 alignleft\" src=\"https:\/\/fra.mirex.gob.do\/consular\/marsella\/wp-content\/uploads\/2025\/06\/f183c65e-e6b2-4898-8c42-a5281fd88d57-200x300.jpg\" alt=\"F\u00eates consulaires de Lyon 2025\" width=\"200\" height=\"300\" srcset=\"https:\/\/fra.mirex.gob.do\/consular\/marsella\/wp-content\/uploads\/2025\/06\/f183c65e-e6b2-4898-8c42-a5281fd88d57-200x300.jpg 200w, https:\/\/fra.mirex.gob.do\/consular\/marsella\/wp-content\/uploads\/2025\/06\/f183c65e-e6b2-4898-8c42-a5281fd88d57-684x1024.jpg 684w, https:\/\/fra.mirex.gob.do\/consular\/marsella\/wp-content\/uploads\/2025\/06\/f183c65e-e6b2-4898-8c42-a5281fd88d57-768x1149.jpg 768w, https:\/\/fra.mirex.gob.do\/consular\/marsella\/wp-content\/uploads\/2025\/06\/f183c65e-e6b2-4898-8c42-a5281fd88d57-1027x1536.jpg 1027w, https:\/\/fra.mirex.gob.do\/consular\/marsella\/wp-content\/uploads\/2025\/06\/f183c65e-e6b2-4898-8c42-a5281fd88d57.jpg 1080w\" sizes=\"(max-width: 200px) 100vw, 200px\" \/><img loading=\"lazy\" decoding=\"async\" class=\"alignnone size-medium wp-image-6279 alignleft\" src=\"https:\/\/fra.mirex.gob.do\/consular\/marsella\/wp-content\/uploads\/2025\/06\/9b3f4247-0928-4e98-b361-dd2ad8eac75c-225x300.jpg\" alt=\"\" width=\"225\" height=\"300\" srcset=\"https:\/\/fra.mirex.gob.do\/consular\/marsella\/wp-content\/uploads\/2025\/06\/9b3f4247-0928-4e98-b361-dd2ad8eac75c-225x300.jpg 225w, https:\/\/fra.mirex.gob.do\/consular\/marsella\/wp-content\/uploads\/2025\/06\/9b3f4247-0928-4e98-b361-dd2ad8eac75c-768x1024.jpg 768w, https:\/\/fra.mirex.gob.do\/consular\/marsella\/wp-content\/uploads\/2025\/06\/9b3f4247-0928-4e98-b361-dd2ad8eac75c-1152x1536.jpg 1152w, https:\/\/fra.mirex.gob.do\/consular\/marsella\/wp-content\/uploads\/2025\/06\/9b3f4247-0928-4e98-b361-dd2ad8eac75c.jpg 1200w\" sizes=\"(max-width: 225px) 100vw, 225px\" \/><img loading=\"lazy\" decoding=\"async\" class=\"alignnone size-medium wp-image-6287 alignleft\" src=\"https:\/\/fra.mirex.gob.do\/consular\/marsella\/wp-content\/uploads\/2025\/06\/IMG_2988-169x300.jpg\" alt=\"F\u00eates consulaires de Lyon 2025 \" width=\"169\" height=\"300\" srcset=\"https:\/\/fra.mirex.gob.do\/consular\/marsella\/wp-content\/uploads\/2025\/06\/IMG_2988-169x300.jpg 169w, https:\/\/fra.mirex.gob.do\/consular\/marsella\/wp-content\/uploads\/2025\/06\/IMG_2988-576x1024.jpg 576w, https:\/\/fra.mirex.gob.do\/consular\/marsella\/wp-content\/uploads\/2025\/06\/IMG_2988-768x1366.jpg 768w, https:\/\/fra.mirex.gob.do\/consular\/marsella\/wp-content\/uploads\/2025\/06\/IMG_2988-864x1536.jpg 864w, https:\/\/fra.mirex.gob.do\/consular\/marsella\/wp-content\/uploads\/2025\/06\/IMG_2988.jpg 899w\" sizes=\"(max-width: 169px) 100vw, 169px\" \/><\/p>\n<p data-start=\"1014\" data-end=\"1248\">Asimismo, se reconoce la valiosa colaboraci\u00f3n de la c\u00f3nsul honoraria Beryl Maillard y del Sr. Anthony del Rosario, agente honorario en Lyon, por su dedicaci\u00f3n y compromiso con la representaci\u00f3n de la comunidad dominicana en la regi\u00f3n.<\/p>\n<p data-start=\"1014\" data-end=\"1248\"><img loading=\"lazy\" decoding=\"async\" class=\"wp-image-6281 alignleft\" src=\"https:\/\/fra.mirex.gob.do\/consular\/marsella\/wp-content\/uploads\/2025\/06\/a0544662-2499-4e4f-9622-93bd04e6df4c-300x200.jpg\" alt=\"F\u00eates consulaires de Lyon 2025\" width=\"238\" height=\"159\" srcset=\"https:\/\/fra.mirex.gob.do\/consular\/marsella\/wp-content\/uploads\/2025\/06\/a0544662-2499-4e4f-9622-93bd04e6df4c-300x200.jpg 300w, https:\/\/fra.mirex.gob.do\/consular\/marsella\/wp-content\/uploads\/2025\/06\/a0544662-2499-4e4f-9622-93bd04e6df4c-1024x684.jpg 1024w, https:\/\/fra.mirex.gob.do\/consular\/marsella\/wp-content\/uploads\/2025\/06\/a0544662-2499-4e4f-9622-93bd04e6df4c-768x513.jpg 768w, https:\/\/fra.mirex.gob.do\/consular\/marsella\/wp-content\/uploads\/2025\/06\/a0544662-2499-4e4f-9622-93bd04e6df4c-1536x1027.jpg 1536w, https:\/\/fra.mirex.gob.do\/consular\/marsella\/wp-content\/uploads\/2025\/06\/a0544662-2499-4e4f-9622-93bd04e6df4c.jpg 1616w\" sizes=\"(max-width: 238px) 100vw, 238px\" \/><img loading=\"lazy\" decoding=\"async\" class=\"alignnone size-medium wp-image-6291\" src=\"https:\/\/fra.mirex.gob.do\/consular\/marsella\/wp-content\/uploads\/2025\/06\/WhatsApp-Image-2025-06-22-at-10.01.36-5-300x200.jpeg\" alt=\"\" width=\"300\" height=\"200\" srcset=\"https:\/\/fra.mirex.gob.do\/consular\/marsella\/wp-content\/uploads\/2025\/06\/WhatsApp-Image-2025-06-22-at-10.01.36-5-300x200.jpeg 300w, https:\/\/fra.mirex.gob.do\/consular\/marsella\/wp-content\/uploads\/2025\/06\/WhatsApp-Image-2025-06-22-at-10.01.36-5-1024x683.jpeg 1024w, https:\/\/fra.mirex.gob.do\/consular\/marsella\/wp-content\/uploads\/2025\/06\/WhatsApp-Image-2025-06-22-at-10.01.36-5-768x512.jpeg 768w, https:\/\/fra.mirex.gob.do\/consular\/marsella\/wp-content\/uploads\/2025\/06\/WhatsApp-Image-2025-06-22-at-10.01.36-5-1536x1025.jpeg 1536w, https:\/\/fra.mirex.gob.do\/consular\/marsella\/wp-content\/uploads\/2025\/06\/WhatsApp-Image-2025-06-22-at-10.01.36-5.jpeg 2048w\" sizes=\"(max-width: 300px) 100vw, 300px\" \/><img loading=\"lazy\" decoding=\"async\" class=\"alignnone size-medium wp-image-6292\" src=\"https:\/\/fra.mirex.gob.do\/consular\/marsella\/wp-content\/uploads\/2025\/06\/WhatsApp-Image-2025-06-22-at-10.01.36-6-300x200.jpeg\" alt=\"\" width=\"300\" height=\"200\" srcset=\"https:\/\/fra.mirex.gob.do\/consular\/marsella\/wp-content\/uploads\/2025\/06\/WhatsApp-Image-2025-06-22-at-10.01.36-6-300x200.jpeg 300w, https:\/\/fra.mirex.gob.do\/consular\/marsella\/wp-content\/uploads\/2025\/06\/WhatsApp-Image-2025-06-22-at-10.01.36-6-1024x683.jpeg 1024w, https:\/\/fra.mirex.gob.do\/consular\/marsella\/wp-content\/uploads\/2025\/06\/WhatsApp-Image-2025-06-22-at-10.01.36-6-768x512.jpeg 768w, https:\/\/fra.mirex.gob.do\/consular\/marsella\/wp-content\/uploads\/2025\/06\/WhatsApp-Image-2025-06-22-at-10.01.36-6-1536x1025.jpeg 1536w, https:\/\/fra.mirex.gob.do\/consular\/marsella\/wp-content\/uploads\/2025\/06\/WhatsApp-Image-2025-06-22-at-10.01.36-6.jpeg 2048w\" sizes=\"(max-width: 300px) 100vw, 300px\" \/><\/p>\n<p data-start=\"1250\" data-end=\"1445\">Esta participaci\u00f3n reafirma el compromiso del Consulado Dominicano en Marsella con la promoci\u00f3n de la identidad nacional y el fortalecimiento de los lazos entre la Rep\u00fablica Dominicana y Francia.<\/p>\n","protected":false},"excerpt":{"rendered":"<p>Lyon, Francia. \u2013 El Consulado General de la Rep\u00fablica Dominicana en Marsella, bajo el liderazgo de la c\u00f3nsul general Ana Emilia B\u00e1ez, particip\u00f3 con gran entusiasmo en las Fiestas Consulares de Lyon 2025, destacando lo mejor de la cultura dominicana en uno de los eventos multiculturales m\u00e1s importantes de la ciudad. Durante la jornada, m\u00e1s [&hellip;]<\/p>\n","protected":false},"author":8,"featured_media":6275,"comment_status":"closed","ping_status":"open","sticky":false,"template":"","format":"standard","meta":{"site-sidebar-layout":"default","site-content-layout":"","ast-site-content-layout":"default","site-content-style":"default","site-sidebar-style":"default","ast-global-header-display":"","ast-banner-title-visibility":"","ast-main-header-display":"","ast-hfb-above-header-display":"","ast-hfb-below-header-display":"","ast-hfb-mobile-header-display":"","site-post-title":"","ast-breadcrumbs-content":"","ast-featured-img":"","footer-sml-layout":"","ast-disable-related-posts":"","theme-transparent-header-meta":"default","adv-header-id-meta":"","stick-header-meta":"","header-above-stick-meta":"","header-main-stick-meta":"","header-below-stick-meta":"","astra-migrate-meta-layouts":"set","ast-page-background-enabled":"default","ast-page-background-meta":{"desktop":{"background-color":"","background-image":"","background-repeat":"repeat","background-position":"center center","background-size":"auto","background-attachment":"scroll","background-type":"","background-media":"","overlay-type":"","overlay-color":"","overlay-opacity":"","overlay-gradient":""},"tablet":{"background-color":"","background-image":"","background-repeat":"repeat","background-position":"center center","background-size":"auto","background-attachment":"scroll","background-type":"","background-media":"","overlay-type":"","overlay-color":"","overlay-opacity":"","overlay-gradient":""},"mobile":{"background-color":"","background-image":"","background-repeat":"repeat","background-position":"center center","background-size":"auto","background-attachment":"scroll","background-type":"","background-media":"","overlay-type":"","overlay-color":"","overlay-opacity":"","overlay-gradient":""}},"ast-content-background-meta":{"desktop":{"background-color":"var(--ast-global-color-5)","background-image":"","background-repeat":"repeat","background-position":"center center","background-size":"auto","background-attachment":"scroll","background-type":"","background-media":"","overlay-type":"","overlay-color":"","overlay-opacity":"","overlay-gradient":""},"tablet":{"background-color":"var(--ast-global-color-5)","background-image":"","background-repeat":"repeat","background-position":"center center","background-size":"auto","background-attachment":"scroll","background-type":"","background-media":"","overlay-type":"","overlay-color":"","overlay-opacity":"","overlay-gradient":""},"mobile":{"background-color":"var(--ast-global-color-5)","background-image":"","background-repeat":"repeat","background-position":"center center","background-size":"auto","background-attachment":"scroll","background-type":"","background-media":"","overlay-type":"","overlay-color":"","overlay-opacity":"","overlay-gradient":""}},"footnotes":""},"categories":[5],"tags":[54,44,52,56,55,53,51],"class_list":["post-6274","post","type-post","status-publish","format-standard","has-post-thumbnail","hentry","category-noticias","tag-ana-emilia-baez","tag-ana-emilia-baez-consul-dominicana-en-marsella","tag-consulado-dominicano-en-marsella","tag-fetes-consulaires-de-lyon-2025","tag-fiestas-consulares-lyon-2025","tag-gregory-doucet","tag-republica-dominicana"],"yoast_head":"<!-- This site is optimized with the Yoast SEO plugin v27.5 - https:\/\/yoast.com\/product\/yoast-seo-wordpress\/ -->\n<title>Rep\u00fablica Dominicana brilla en las Fiestas Consulares de Lyon 2025 - Consulado General de la Rep\u00fablica Dominicana en Marsella, Francia<\/title>\n<meta name=\"robots\" content=\"index, follow, max-snippet:-1, max-image-preview:large, max-video-preview:-1\" \/>\n<link rel=\"canonical\" href=\"https:\/\/fra.mirex.gob.do\/consular\/marsella\/republica-dominicana-brilla-en-las-fiestas-consulares-de-lyon-2025\/\" \/>\n<meta property=\"og:locale\" content=\"en_US\" \/>\n<meta property=\"og:type\" content=\"article\" \/>\n<meta property=\"og:title\" content=\"Rep\u00fablica Dominicana brilla en las Fiestas Consulares de Lyon 2025 - Consulado General de la Rep\u00fablica Dominicana en Marsella, Francia\" \/>\n<meta property=\"og:description\" content=\"Lyon, Francia. \u2013 El Consulado General de la Rep\u00fablica Dominicana en Marsella, bajo el liderazgo de la c\u00f3nsul general Ana Emilia B\u00e1ez, particip\u00f3 con gran entusiasmo en las Fiestas Consulares de Lyon 2025, destacando lo mejor de la cultura dominicana en uno de los eventos multiculturales m\u00e1s importantes de la ciudad. Durante la jornada, m\u00e1s [&hellip;]\" \/>\n<meta property=\"og:url\" content=\"https:\/\/fra.mirex.gob.do\/consular\/marsella\/republica-dominicana-brilla-en-las-fiestas-consulares-de-lyon-2025\/\" \/>\n<meta property=\"og:site_name\" content=\"Consulado General de la Rep\u00fablica Dominicana en Marsella, Francia\" \/>\n<meta property=\"article:published_time\" content=\"2025-06-22T07:55:22+00:00\" \/>\n<meta property=\"article:modified_time\" content=\"2025-06-22T10:19:53+00:00\" \/>\n<meta property=\"og:image\" content=\"https:\/\/fra.mirex.gob.do\/consular\/marsella\/wp-content\/uploads\/2025\/06\/PHOTO-2025-06-15-11-51-42.jpg\" \/>\n\t<meta property=\"og:image:width\" content=\"1616\" \/>\n\t<meta property=\"og:image:height\" content=\"1080\" \/>\n\t<meta property=\"og:image:type\" content=\"image\/jpeg\" \/>\n<meta name=\"author\" content=\"Sol Threeny Valera Ventura\" \/>\n<meta name=\"twitter:card\" content=\"summary_large_image\" \/>\n<meta name=\"twitter:label1\" content=\"Written by\" \/>\n\t<meta name=\"twitter:data1\" content=\"Sol Threeny Valera Ventura\" \/>\n\t<meta name=\"twitter:label2\" content=\"Est. reading time\" \/>\n\t<meta name=\"twitter:data2\" content=\"3 minutes\" \/>\n<script type=\"application\/ld+json\" class=\"yoast-schema-graph\">{\"@context\":\"https:\\\/\\\/schema.org\",\"@graph\":[{\"@type\":\"Article\",\"@id\":\"https:\\\/\\\/fra.mirex.gob.do\\\/consular\\\/marsella\\\/republica-dominicana-brilla-en-las-fiestas-consulares-de-lyon-2025\\\/#article\",\"isPartOf\":{\"@id\":\"https:\\\/\\\/fra.mirex.gob.do\\\/consular\\\/marsella\\\/republica-dominicana-brilla-en-las-fiestas-consulares-de-lyon-2025\\\/\"},\"author\":{\"name\":\"Sol Threeny Valera Ventura\",\"@id\":\"https:\\\/\\\/fra.mirex.gob.do\\\/consular\\\/marsella\\\/#\\\/schema\\\/person\\\/ca3e898c71ee4e904816b58e43925f87\"},\"headline\":\"Rep\u00fablica Dominicana brilla en las Fiestas Consulares de Lyon 2025\",\"datePublished\":\"2025-06-22T07:55:22+00:00\",\"dateModified\":\"2025-06-22T10:19:53+00:00\",\"mainEntityOfPage\":{\"@id\":\"https:\\\/\\\/fra.mirex.gob.do\\\/consular\\\/marsella\\\/republica-dominicana-brilla-en-las-fiestas-consulares-de-lyon-2025\\\/\"},\"wordCount\":212,\"publisher\":{\"@id\":\"https:\\\/\\\/fra.mirex.gob.do\\\/consular\\\/marsella\\\/#organization\"},\"image\":{\"@id\":\"https:\\\/\\\/fra.mirex.gob.do\\\/consular\\\/marsella\\\/republica-dominicana-brilla-en-las-fiestas-consulares-de-lyon-2025\\\/#primaryimage\"},\"thumbnailUrl\":\"https:\\\/\\\/fra.mirex.gob.do\\\/consular\\\/marsella\\\/wp-content\\\/uploads\\\/2025\\\/06\\\/PHOTO-2025-06-15-11-51-42.jpg\",\"keywords\":[\"Ana Emilia B\u00e1ez\",\"ana Emilia Baez consul dominicana en marsella\",\"Consulado Dominicano en Marsella\",\"F\u00eates consulaires de Lyon 2025\",\"Fiestas Consulares Lyon 2025\",\"Gr\u00e9gory Doucet\",\"Rep\u00fablica Dominicana\"],\"articleSection\":[\"Noticias\"],\"inLanguage\":\"en-US\"},{\"@type\":\"WebPage\",\"@id\":\"https:\\\/\\\/fra.mirex.gob.do\\\/consular\\\/marsella\\\/republica-dominicana-brilla-en-las-fiestas-consulares-de-lyon-2025\\\/\",\"url\":\"https:\\\/\\\/fra.mirex.gob.do\\\/consular\\\/marsella\\\/republica-dominicana-brilla-en-las-fiestas-consulares-de-lyon-2025\\\/\",\"name\":\"Rep\u00fablica Dominicana brilla en las Fiestas Consulares de Lyon 2025 - Consulado General de la Rep\u00fablica Dominicana en Marsella, Francia\",\"isPartOf\":{\"@id\":\"https:\\\/\\\/fra.mirex.gob.do\\\/consular\\\/marsella\\\/#website\"},\"primaryImageOfPage\":{\"@id\":\"https:\\\/\\\/fra.mirex.gob.do\\\/consular\\\/marsella\\\/republica-dominicana-brilla-en-las-fiestas-consulares-de-lyon-2025\\\/#primaryimage\"},\"image\":{\"@id\":\"https:\\\/\\\/fra.mirex.gob.do\\\/consular\\\/marsella\\\/republica-dominicana-brilla-en-las-fiestas-consulares-de-lyon-2025\\\/#primaryimage\"},\"thumbnailUrl\":\"https:\\\/\\\/fra.mirex.gob.do\\\/consular\\\/marsella\\\/wp-content\\\/uploads\\\/2025\\\/06\\\/PHOTO-2025-06-15-11-51-42.jpg\",\"datePublished\":\"2025-06-22T07:55:22+00:00\",\"dateModified\":\"2025-06-22T10:19:53+00:00\",\"breadcrumb\":{\"@id\":\"https:\\\/\\\/fra.mirex.gob.do\\\/consular\\\/marsella\\\/republica-dominicana-brilla-en-las-fiestas-consulares-de-lyon-2025\\\/#breadcrumb\"},\"inLanguage\":\"en-US\",\"potentialAction\":[{\"@type\":\"ReadAction\",\"target\":[\"https:\\\/\\\/fra.mirex.gob.do\\\/consular\\\/marsella\\\/republica-dominicana-brilla-en-las-fiestas-consulares-de-lyon-2025\\\/\"]}]},{\"@type\":\"ImageObject\",\"inLanguage\":\"en-US\",\"@id\":\"https:\\\/\\\/fra.mirex.gob.do\\\/consular\\\/marsella\\\/republica-dominicana-brilla-en-las-fiestas-consulares-de-lyon-2025\\\/#primaryimage\",\"url\":\"https:\\\/\\\/fra.mirex.gob.do\\\/consular\\\/marsella\\\/wp-content\\\/uploads\\\/2025\\\/06\\\/PHOTO-2025-06-15-11-51-42.jpg\",\"contentUrl\":\"https:\\\/\\\/fra.mirex.gob.do\\\/consular\\\/marsella\\\/wp-content\\\/uploads\\\/2025\\\/06\\\/PHOTO-2025-06-15-11-51-42.jpg\",\"width\":1616,\"height\":1080,\"caption\":\"Rep\u00fablica Dominicana brilla en las Fiestas Consulares de Lyon 2025\"},{\"@type\":\"BreadcrumbList\",\"@id\":\"https:\\\/\\\/fra.mirex.gob.do\\\/consular\\\/marsella\\\/republica-dominicana-brilla-en-las-fiestas-consulares-de-lyon-2025\\\/#breadcrumb\",\"itemListElement\":[{\"@type\":\"ListItem\",\"position\":1,\"name\":\"Inicio\",\"item\":\"https:\\\/\\\/fra.mirex.gob.do\\\/consular\\\/marsella\\\/\"},{\"@type\":\"ListItem\",\"position\":2,\"name\":\"Rep\u00fablica Dominicana brilla en las Fiestas Consulares de Lyon 2025\"}]},{\"@type\":\"WebSite\",\"@id\":\"https:\\\/\\\/fra.mirex.gob.do\\\/consular\\\/marsella\\\/#website\",\"url\":\"https:\\\/\\\/fra.mirex.gob.do\\\/consular\\\/marsella\\\/\",\"name\":\"Consulado General de la Rep\u00fablica Dominicana en Marsella, Francia\",\"description\":\"\",\"publisher\":{\"@id\":\"https:\\\/\\\/fra.mirex.gob.do\\\/consular\\\/marsella\\\/#organization\"},\"potentialAction\":[{\"@type\":\"SearchAction\",\"target\":{\"@type\":\"EntryPoint\",\"urlTemplate\":\"https:\\\/\\\/fra.mirex.gob.do\\\/consular\\\/marsella\\\/?s={search_term_string}\"},\"query-input\":{\"@type\":\"PropertyValueSpecification\",\"valueRequired\":true,\"valueName\":\"search_term_string\"}}],\"inLanguage\":\"en-US\"},{\"@type\":\"Organization\",\"@id\":\"https:\\\/\\\/fra.mirex.gob.do\\\/consular\\\/marsella\\\/#organization\",\"name\":\"Consulado General de la Rep\u00fablica Dominicana en Marsella, Francia\",\"url\":\"https:\\\/\\\/fra.mirex.gob.do\\\/consular\\\/marsella\\\/\",\"logo\":{\"@type\":\"ImageObject\",\"inLanguage\":\"en-US\",\"@id\":\"https:\\\/\\\/fra.mirex.gob.do\\\/consular\\\/marsella\\\/#\\\/schema\\\/logo\\\/image\\\/\",\"url\":\"https:\\\/\\\/fra.mirex.gob.do\\\/consular\\\/marsella\\\/wp-content\\\/uploads\\\/2022\\\/02\\\/CONSULADO-Marsella-Francia-RD-04.png\",\"contentUrl\":\"https:\\\/\\\/fra.mirex.gob.do\\\/consular\\\/marsella\\\/wp-content\\\/uploads\\\/2022\\\/02\\\/CONSULADO-Marsella-Francia-RD-04.png\",\"width\":4163,\"height\":1788,\"caption\":\"Consulado General de la Rep\u00fablica Dominicana en Marsella, Francia\"},\"image\":{\"@id\":\"https:\\\/\\\/fra.mirex.gob.do\\\/consular\\\/marsella\\\/#\\\/schema\\\/logo\\\/image\\\/\"}},{\"@type\":\"Person\",\"@id\":\"https:\\\/\\\/fra.mirex.gob.do\\\/consular\\\/marsella\\\/#\\\/schema\\\/person\\\/ca3e898c71ee4e904816b58e43925f87\",\"name\":\"Sol Threeny Valera Ventura\",\"image\":{\"@type\":\"ImageObject\",\"inLanguage\":\"en-US\",\"@id\":\"https:\\\/\\\/secure.gravatar.com\\\/avatar\\\/74f0bced5b8a28daf14829a28f8441445ba4e3f96a3b38008f8353bf02277eaf?s=96&d=mm&r=g\",\"url\":\"https:\\\/\\\/secure.gravatar.com\\\/avatar\\\/74f0bced5b8a28daf14829a28f8441445ba4e3f96a3b38008f8353bf02277eaf?s=96&d=mm&r=g\",\"contentUrl\":\"https:\\\/\\\/secure.gravatar.com\\\/avatar\\\/74f0bced5b8a28daf14829a28f8441445ba4e3f96a3b38008f8353bf02277eaf?s=96&d=mm&r=g\",\"caption\":\"Sol Threeny Valera Ventura\"}}]}<\/script>\n<!-- \/ Yoast SEO plugin. -->","yoast_head_json":{"title":"Rep\u00fablica Dominicana brilla en las Fiestas Consulares de Lyon 2025 - Consulado General de la Rep\u00fablica Dominicana en Marsella, Francia","robots":{"index":"index","follow":"follow","max-snippet":"max-snippet:-1","max-image-preview":"max-image-preview:large","max-video-preview":"max-video-preview:-1"},"canonical":"https:\/\/fra.mirex.gob.do\/consular\/marsella\/republica-dominicana-brilla-en-las-fiestas-consulares-de-lyon-2025\/","og_locale":"en_US","og_type":"article","og_title":"Rep\u00fablica Dominicana brilla en las Fiestas Consulares de Lyon 2025 - Consulado General de la Rep\u00fablica Dominicana en Marsella, Francia","og_description":"Lyon, Francia. \u2013 El Consulado General de la Rep\u00fablica Dominicana en Marsella, bajo el liderazgo de la c\u00f3nsul general Ana Emilia B\u00e1ez, particip\u00f3 con gran entusiasmo en las Fiestas Consulares de Lyon 2025, destacando lo mejor de la cultura dominicana en uno de los eventos multiculturales m\u00e1s importantes de la ciudad. Durante la jornada, m\u00e1s [&hellip;]","og_url":"https:\/\/fra.mirex.gob.do\/consular\/marsella\/republica-dominicana-brilla-en-las-fiestas-consulares-de-lyon-2025\/","og_site_name":"Consulado General de la Rep\u00fablica Dominicana en Marsella, Francia","article_published_time":"2025-06-22T07:55:22+00:00","article_modified_time":"2025-06-22T10:19:53+00:00","og_image":[{"width":1616,"height":1080,"url":"https:\/\/fra.mirex.gob.do\/consular\/marsella\/wp-content\/uploads\/2025\/06\/PHOTO-2025-06-15-11-51-42.jpg","type":"image\/jpeg"}],"author":"Sol Threeny Valera Ventura","twitter_card":"summary_large_image","twitter_misc":{"Written by":"Sol Threeny Valera Ventura","Est. reading time":"3 minutes"},"schema":{"@context":"https:\/\/schema.org","@graph":[{"@type":"Article","@id":"https:\/\/fra.mirex.gob.do\/consular\/marsella\/republica-dominicana-brilla-en-las-fiestas-consulares-de-lyon-2025\/#article","isPartOf":{"@id":"https:\/\/fra.mirex.gob.do\/consular\/marsella\/republica-dominicana-brilla-en-las-fiestas-consulares-de-lyon-2025\/"},"author":{"name":"Sol Threeny Valera Ventura","@id":"https:\/\/fra.mirex.gob.do\/consular\/marsella\/#\/schema\/person\/ca3e898c71ee4e904816b58e43925f87"},"headline":"Rep\u00fablica Dominicana brilla en las Fiestas Consulares de Lyon 2025","datePublished":"2025-06-22T07:55:22+00:00","dateModified":"2025-06-22T10:19:53+00:00","mainEntityOfPage":{"@id":"https:\/\/fra.mirex.gob.do\/consular\/marsella\/republica-dominicana-brilla-en-las-fiestas-consulares-de-lyon-2025\/"},"wordCount":212,"publisher":{"@id":"https:\/\/fra.mirex.gob.do\/consular\/marsella\/#organization"},"image":{"@id":"https:\/\/fra.mirex.gob.do\/consular\/marsella\/republica-dominicana-brilla-en-las-fiestas-consulares-de-lyon-2025\/#primaryimage"},"thumbnailUrl":"https:\/\/fra.mirex.gob.do\/consular\/marsella\/wp-content\/uploads\/2025\/06\/PHOTO-2025-06-15-11-51-42.jpg","keywords":["Ana Emilia B\u00e1ez","ana Emilia Baez consul dominicana en marsella","Consulado Dominicano en Marsella","F\u00eates consulaires de Lyon 2025","Fiestas Consulares Lyon 2025","Gr\u00e9gory Doucet","Rep\u00fablica Dominicana"],"articleSection":["Noticias"],"inLanguage":"en-US"},{"@type":"WebPage","@id":"https:\/\/fra.mirex.gob.do\/consular\/marsella\/republica-dominicana-brilla-en-las-fiestas-consulares-de-lyon-2025\/","url":"https:\/\/fra.mirex.gob.do\/consular\/marsella\/republica-dominicana-brilla-en-las-fiestas-consulares-de-lyon-2025\/","name":"Rep\u00fablica Dominicana brilla en las Fiestas Consulares de Lyon 2025 - Consulado General de la Rep\u00fablica Dominicana en Marsella, Francia","isPartOf":{"@id":"https:\/\/fra.mirex.gob.do\/consular\/marsella\/#website"},"primaryImageOfPage":{"@id":"https:\/\/fra.mirex.gob.do\/consular\/marsella\/republica-dominicana-brilla-en-las-fiestas-consulares-de-lyon-2025\/#primaryimage"},"image":{"@id":"https:\/\/fra.mirex.gob.do\/consular\/marsella\/republica-dominicana-brilla-en-las-fiestas-consulares-de-lyon-2025\/#primaryimage"},"thumbnailUrl":"https:\/\/fra.mirex.gob.do\/consular\/marsella\/wp-content\/uploads\/2025\/06\/PHOTO-2025-06-15-11-51-42.jpg","datePublished":"2025-06-22T07:55:22+00:00","dateModified":"2025-06-22T10:19:53+00:00","breadcrumb":{"@id":"https:\/\/fra.mirex.gob.do\/consular\/marsella\/republica-dominicana-brilla-en-las-fiestas-consulares-de-lyon-2025\/#breadcrumb"},"inLanguage":"en-US","potentialAction":[{"@type":"ReadAction","target":["https:\/\/fra.mirex.gob.do\/consular\/marsella\/republica-dominicana-brilla-en-las-fiestas-consulares-de-lyon-2025\/"]}]},{"@type":"ImageObject","inLanguage":"en-US","@id":"https:\/\/fra.mirex.gob.do\/consular\/marsella\/republica-dominicana-brilla-en-las-fiestas-consulares-de-lyon-2025\/#primaryimage","url":"https:\/\/fra.mirex.gob.do\/consular\/marsella\/wp-content\/uploads\/2025\/06\/PHOTO-2025-06-15-11-51-42.jpg","contentUrl":"https:\/\/fra.mirex.gob.do\/consular\/marsella\/wp-content\/uploads\/2025\/06\/PHOTO-2025-06-15-11-51-42.jpg","width":1616,"height":1080,"caption":"Rep\u00fablica Dominicana brilla en las Fiestas Consulares de Lyon 2025"},{"@type":"BreadcrumbList","@id":"https:\/\/fra.mirex.gob.do\/consular\/marsella\/republica-dominicana-brilla-en-las-fiestas-consulares-de-lyon-2025\/#breadcrumb","itemListElement":[{"@type":"ListItem","position":1,"name":"Inicio","item":"https:\/\/fra.mirex.gob.do\/consular\/marsella\/"},{"@type":"ListItem","position":2,"name":"Rep\u00fablica Dominicana brilla en las Fiestas Consulares de Lyon 2025"}]},{"@type":"WebSite","@id":"https:\/\/fra.mirex.gob.do\/consular\/marsella\/#website","url":"https:\/\/fra.mirex.gob.do\/consular\/marsella\/","name":"Consulado General de la Rep\u00fablica Dominicana en Marsella, Francia","description":"","publisher":{"@id":"https:\/\/fra.mirex.gob.do\/consular\/marsella\/#organization"},"potentialAction":[{"@type":"SearchAction","target":{"@type":"EntryPoint","urlTemplate":"https:\/\/fra.mirex.gob.do\/consular\/marsella\/?s={search_term_string}"},"query-input":{"@type":"PropertyValueSpecification","valueRequired":true,"valueName":"search_term_string"}}],"inLanguage":"en-US"},{"@type":"Organization","@id":"https:\/\/fra.mirex.gob.do\/consular\/marsella\/#organization","name":"Consulado General de la Rep\u00fablica Dominicana en Marsella, Francia","url":"https:\/\/fra.mirex.gob.do\/consular\/marsella\/","logo":{"@type":"ImageObject","inLanguage":"en-US","@id":"https:\/\/fra.mirex.gob.do\/consular\/marsella\/#\/schema\/logo\/image\/","url":"https:\/\/fra.mirex.gob.do\/consular\/marsella\/wp-content\/uploads\/2022\/02\/CONSULADO-Marsella-Francia-RD-04.png","contentUrl":"https:\/\/fra.mirex.gob.do\/consular\/marsella\/wp-content\/uploads\/2022\/02\/CONSULADO-Marsella-Francia-RD-04.png","width":4163,"height":1788,"caption":"Consulado General de la Rep\u00fablica Dominicana en Marsella, Francia"},"image":{"@id":"https:\/\/fra.mirex.gob.do\/consular\/marsella\/#\/schema\/logo\/image\/"}},{"@type":"Person","@id":"https:\/\/fra.mirex.gob.do\/consular\/marsella\/#\/schema\/person\/ca3e898c71ee4e904816b58e43925f87","name":"Sol Threeny Valera Ventura","image":{"@type":"ImageObject","inLanguage":"en-US","@id":"https:\/\/secure.gravatar.com\/avatar\/74f0bced5b8a28daf14829a28f8441445ba4e3f96a3b38008f8353bf02277eaf?s=96&d=mm&r=g","url":"https:\/\/secure.gravatar.com\/avatar\/74f0bced5b8a28daf14829a28f8441445ba4e3f96a3b38008f8353bf02277eaf?s=96&d=mm&r=g","contentUrl":"https:\/\/secure.gravatar.com\/avatar\/74f0bced5b8a28daf14829a28f8441445ba4e3f96a3b38008f8353bf02277eaf?s=96&d=mm&r=g","caption":"Sol Threeny Valera Ventura"}}]}},"_links":{"self":[{"href":"https:\/\/fra.mirex.gob.do\/consular\/marsella\/wp-json\/wp\/v2\/posts\/6274","targetHints":{"allow":["GET"]}}],"collection":[{"href":"https:\/\/fra.mirex.gob.do\/consular\/marsella\/wp-json\/wp\/v2\/posts"}],"about":[{"href":"https:\/\/fra.mirex.gob.do\/consular\/marsella\/wp-json\/wp\/v2\/types\/post"}],"author":[{"embeddable":true,"href":"https:\/\/fra.mirex.gob.do\/consular\/marsella\/wp-json\/wp\/v2\/users\/8"}],"replies":[{"embeddable":true,"href":"https:\/\/fra.mirex.gob.do\/consular\/marsella\/wp-json\/wp\/v2\/comments?post=6274"}],"version-history":[{"count":3,"href":"https:\/\/fra.mirex.gob.do\/consular\/marsella\/wp-json\/wp\/v2\/posts\/6274\/revisions"}],"predecessor-version":[{"id":6293,"href":"https:\/\/fra.mirex.gob.do\/consular\/marsella\/wp-json\/wp\/v2\/posts\/6274\/revisions\/6293"}],"wp:featuredmedia":[{"embeddable":true,"href":"https:\/\/fra.mirex.gob.do\/consular\/marsella\/wp-json\/wp\/v2\/media\/6275"}],"wp:attachment":[{"href":"https:\/\/fra.mirex.gob.do\/consular\/marsella\/wp-json\/wp\/v2\/media?parent=6274"}],"wp:term":[{"taxonomy":"category","embeddable":true,"href":"https:\/\/fra.mirex.gob.do\/consular\/marsella\/wp-json\/wp\/v2\/categories?post=6274"},{"taxonomy":"post_tag","embeddable":true,"href":"https:\/\/fra.mirex.gob.do\/consular\/marsella\/wp-json\/wp\/v2\/tags?post=6274"}],"curies":[{"name":"wp","href":"https:\/\/api.w.org\/{rel}","templated":true}]}}