{"id":6360,"date":"2025-11-09T16:28:45","date_gmt":"2025-11-09T16:28:45","guid":{"rendered":"https:\/\/fra.mirex.gob.do\/consular\/marsella\/?p=6360"},"modified":"2025-12-09T16:41:48","modified_gmt":"2025-12-09T16:41:48","slug":"consulado-dominicano-en-marsella-promueve-gastronomia-e-inversion-en-sabores-del-mundo-2025","status":"publish","type":"post","link":"https:\/\/fra.mirex.gob.do\/consular\/marsella\/consulado-dominicano-en-marsella-promueve-gastronomia-e-inversion-en-sabores-del-mundo-2025\/","title":{"rendered":"Consulado dominicano en Marsella promueve gastronom\u00eda e inversi\u00f3n en \u201cSabores del Mundo 2025\u201d"},"content":{"rendered":"<p>&nbsp;<\/p>\n<p><img decoding=\"async\" class=\"alignnone size-full wp-image-6361\" src=\"https:\/\/fra.mirex.gob.do\/consular\/marsella\/wp-content\/uploads\/2025\/12\/IMG_3048.heic\" alt=\"consulado dominicano en marsella feria sabores del mundo 2025\" \/><\/p>\n<p>Sol Valera<\/p>\n<p>Marsella, Francia.- Bajo el liderazgo de la c\u00f3nsul general Ana Emilia B\u00e1ez, el Consulado Dominicano en Marsella tuvo una participaci\u00f3n destacada en la feria Sabores del Mundo 2025 \u201cSaveurs du Monde 2025\u201d, un encuentro que reuni\u00f3 a 32 cuerpos consulares en el World Trade Center Marseille Provence. Ritmo, cultura e inversi\u00f3n se fusionaron en este importante escenario internacional, donde la representaci\u00f3n dominicana capt\u00f3 la atenci\u00f3n del p\u00fablico y reforz\u00f3 la proyecci\u00f3n del pa\u00eds en la regi\u00f3n sur de Francia.<\/p>\n<p>\u201cLa feria nos permiti\u00f3 presentar al mundo lo mejor de nuestro pa\u00eds: nuestra cultura, turismo, arte y m\u00fasica. Adem\u00e1s, fortalecimos el posicionamiento tur\u00edstico y comercial de la Rep\u00fablica Dominicana mediante reuniones con empresarios con quienes intercambiamos experiencias y oportunidades de inversi\u00f3n\u201d, expres\u00f3 Ana Emilia B\u00e1ez Santana, c\u00f3nsul general de la Rep\u00fablica Dominicana en Marsella, Rep\u00fablica Francesa.<\/p>\n<h2><strong>Exhibici\u00f3n art\u00edstica del folclore dominicano<\/strong><\/h2>\n<p><img decoding=\"async\" class=\"alignnone size-full wp-image-6363\" src=\"https:\/\/fra.mirex.gob.do\/consular\/marsella\/wp-content\/uploads\/2025\/12\/IMG_3142-2.heic\" alt=\"\" \/><img decoding=\"async\" class=\"alignnone size-full wp-image-6364\" src=\"https:\/\/fra.mirex.gob.do\/consular\/marsella\/wp-content\/uploads\/2025\/12\/IMG_3036.heic\" alt=\"\" \/><\/p>\n<p>El evento cont\u00f3 con la participaci\u00f3n art\u00edstica del Ballet Dominicano en Europa, dirigido por el gestor cultural H\u00e9ctor Far\u00edas, quienes llevaron al escenario una muestra vibrante del folclore dominicano.<\/p>\n<h2>Experiencia gastron\u00f3mica y cultural para los asistentes<\/h2>\n<p><img decoding=\"async\" class=\"alignnone size-full wp-image-6362\" src=\"https:\/\/fra.mirex.gob.do\/consular\/marsella\/wp-content\/uploads\/2025\/12\/IMG_3100.heic\" alt=\"\" \/> <img decoding=\"async\" class=\"alignnone size-medium wp-image-6363\" src=\"https:\/\/fra.mirex.gob.do\/consular\/marsella\/wp-content\/uploads\/2025\/12\/IMG_3142-2.heic\" alt=\"\" width=\"1\" height=\"1\" \/><\/p>\n<p>Los asistentes disfrutaron de una experiencia aut\u00e9ntica de la Rep\u00fablica Dominicana, con platos t\u00edpicos, m\u00fasica, tabaco y Ron Barcel\u00f3. Con m\u00e1s de 900 participantes, esta edici\u00f3n consolid\u00f3 su posici\u00f3n como un evento imprescindible para quienes buscan sabores genuinos y encuentros interculturales. Cada pabell\u00f3n ofreci\u00f3 una vivencia sensorial \u00fanica que permiti\u00f3 al p\u00fablico degustar gastronom\u00edas tradicionales, interactuar con delegaciones y descubrir costumbres de diversas regiones del mundo.<\/p>\n<p>Al evento tambi\u00e9n asistieron los vicec\u00f3nsules Jos\u00e9 Ozoria, Pr\u00f3sculo De los Santos, Francisca Guzm\u00e1n y Francis Grac\u00eda; los auxiliares administrativos Madeline B\u00e1ez y Manuel Reyes; as\u00ed como Sol Valera, encargada de Relaciones P\u00fablicas.<\/p>\n<h2>Fortalecimiento de la diplomacia p\u00fablica y econ\u00f3mica<\/h2>\n<p><img decoding=\"async\" class=\"alignnone size-full wp-image-6365\" src=\"https:\/\/fra.mirex.gob.do\/consular\/marsella\/wp-content\/uploads\/2025\/12\/IMG_3131.heic\" alt=\"\" \/><\/p>\n<p>Para el Consulado, este evento constituye una plataforma clave de diplomacia p\u00fablica y econ\u00f3mica, que fortalece la presencia institucional de la Rep\u00fablica Dominicana en el sur de Francia, fomenta v\u00ednculos con la comunidad internacional y promueve sectores estrat\u00e9gicos como el turismo, la gastronom\u00eda, la cultura y las inversiones.<\/p>\n","protected":false},"excerpt":{"rendered":"<p>&nbsp; Sol Valera Marsella, Francia.- Bajo el liderazgo de la c\u00f3nsul general Ana Emilia B\u00e1ez, el Consulado Dominicano en Marsella tuvo una participaci\u00f3n destacada en la feria Sabores del Mundo 2025 \u201cSaveurs du Monde 2025\u201d, un encuentro que reuni\u00f3 a 32 cuerpos consulares en el World Trade Center Marseille Provence. Ritmo, cultura e inversi\u00f3n se [&hellip;]<\/p>\n","protected":false},"author":8,"featured_media":6361,"comment_status":"closed","ping_status":"open","sticky":false,"template":"","format":"gallery","meta":{"site-sidebar-layout":"default","site-content-layout":"","ast-site-content-layout":"default","site-content-style":"default","site-sidebar-style":"default","ast-global-header-display":"","ast-banner-title-visibility":"","ast-main-header-display":"","ast-hfb-above-header-display":"","ast-hfb-below-header-display":"","ast-hfb-mobile-header-display":"","site-post-title":"","ast-breadcrumbs-content":"","ast-featured-img":"","footer-sml-layout":"","ast-disable-related-posts":"","theme-transparent-header-meta":"default","adv-header-id-meta":"","stick-header-meta":"","header-above-stick-meta":"","header-main-stick-meta":"","header-below-stick-meta":"","astra-migrate-meta-layouts":"set","ast-page-background-enabled":"default","ast-page-background-meta":{"desktop":{"background-color":"","background-image":"","background-repeat":"repeat","background-position":"center center","background-size":"auto","background-attachment":"scroll","background-type":"","background-media":"","overlay-type":"","overlay-color":"","overlay-opacity":"","overlay-gradient":""},"tablet":{"background-color":"","background-image":"","background-repeat":"repeat","background-position":"center center","background-size":"auto","background-attachment":"scroll","background-type":"","background-media":"","overlay-type":"","overlay-color":"","overlay-opacity":"","overlay-gradient":""},"mobile":{"background-color":"","background-image":"","background-repeat":"repeat","background-position":"center center","background-size":"auto","background-attachment":"scroll","background-type":"","background-media":"","overlay-type":"","overlay-color":"","overlay-opacity":"","overlay-gradient":""}},"ast-content-background-meta":{"desktop":{"background-color":"var(--ast-global-color-5)","background-image":"","background-repeat":"repeat","background-position":"center center","background-size":"auto","background-attachment":"scroll","background-type":"","background-media":"","overlay-type":"","overlay-color":"","overlay-opacity":"","overlay-gradient":""},"tablet":{"background-color":"var(--ast-global-color-5)","background-image":"","background-repeat":"repeat","background-position":"center center","background-size":"auto","background-attachment":"scroll","background-type":"","background-media":"","overlay-type":"","overlay-color":"","overlay-opacity":"","overlay-gradient":""},"mobile":{"background-color":"var(--ast-global-color-5)","background-image":"","background-repeat":"repeat","background-position":"center center","background-size":"auto","background-attachment":"scroll","background-type":"","background-media":"","overlay-type":"","overlay-color":"","overlay-opacity":"","overlay-gradient":""}},"footnotes":""},"categories":[5,1],"tags":[43,52,60],"class_list":["post-6360","post","type-post","status-publish","format-gallery","has-post-thumbnail","hentry","category-noticias","category-sin-categorizar","tag-ana-baez-consul-en-marsella","tag-consulado-dominicano-en-marsella","tag-feria-sabores-del-mundo-2025","post_format-post-format-gallery"],"yoast_head":"<!-- This site is optimized with the Yoast SEO plugin v27.5 - https:\/\/yoast.com\/product\/yoast-seo-wordpress\/ -->\n<title>Consulado dominicano en Marsella promueve gastronom\u00eda e inversi\u00f3n en \u201cSabores del Mundo 2025\u201d - Consulado General de la Rep\u00fablica Dominicana en Marsella, Francia<\/title>\n<meta name=\"robots\" content=\"index, follow, max-snippet:-1, max-image-preview:large, max-video-preview:-1\" \/>\n<link rel=\"canonical\" href=\"https:\/\/fra.mirex.gob.do\/consular\/marsella\/consulado-dominicano-en-marsella-promueve-gastronomia-e-inversion-en-sabores-del-mundo-2025\/\" \/>\n<meta property=\"og:locale\" content=\"en_US\" \/>\n<meta property=\"og:type\" content=\"article\" \/>\n<meta property=\"og:title\" content=\"Consulado dominicano en Marsella promueve gastronom\u00eda e inversi\u00f3n en \u201cSabores del Mundo 2025\u201d - Consulado General de la Rep\u00fablica Dominicana en Marsella, Francia\" \/>\n<meta property=\"og:description\" content=\"&nbsp; Sol Valera Marsella, Francia.- Bajo el liderazgo de la c\u00f3nsul general Ana Emilia B\u00e1ez, el Consulado Dominicano en Marsella tuvo una participaci\u00f3n destacada en la feria Sabores del Mundo 2025 \u201cSaveurs du Monde 2025\u201d, un encuentro que reuni\u00f3 a 32 cuerpos consulares en el World Trade Center Marseille Provence. Ritmo, cultura e inversi\u00f3n se [&hellip;]\" \/>\n<meta property=\"og:url\" content=\"https:\/\/fra.mirex.gob.do\/consular\/marsella\/consulado-dominicano-en-marsella-promueve-gastronomia-e-inversion-en-sabores-del-mundo-2025\/\" \/>\n<meta property=\"og:site_name\" content=\"Consulado General de la Rep\u00fablica Dominicana en Marsella, Francia\" \/>\n<meta property=\"article:published_time\" content=\"2025-11-09T16:28:45+00:00\" \/>\n<meta property=\"article:modified_time\" content=\"2025-12-09T16:41:48+00:00\" \/>\n<meta name=\"author\" content=\"Sol Threeny Valera Ventura\" \/>\n<meta name=\"twitter:card\" content=\"summary_large_image\" \/>\n<meta name=\"twitter:label1\" content=\"Written by\" \/>\n\t<meta name=\"twitter:data1\" content=\"Sol Threeny Valera Ventura\" \/>\n\t<meta name=\"twitter:label2\" content=\"Est. reading time\" \/>\n\t<meta name=\"twitter:data2\" content=\"2 minutes\" \/>\n<script type=\"application\/ld+json\" class=\"yoast-schema-graph\">{\"@context\":\"https:\\\/\\\/schema.org\",\"@graph\":[{\"@type\":\"Article\",\"@id\":\"https:\\\/\\\/fra.mirex.gob.do\\\/consular\\\/marsella\\\/consulado-dominicano-en-marsella-promueve-gastronomia-e-inversion-en-sabores-del-mundo-2025\\\/#article\",\"isPartOf\":{\"@id\":\"https:\\\/\\\/fra.mirex.gob.do\\\/consular\\\/marsella\\\/consulado-dominicano-en-marsella-promueve-gastronomia-e-inversion-en-sabores-del-mundo-2025\\\/\"},\"author\":{\"name\":\"Sol Threeny Valera Ventura\",\"@id\":\"https:\\\/\\\/fra.mirex.gob.do\\\/consular\\\/marsella\\\/#\\\/schema\\\/person\\\/ca3e898c71ee4e904816b58e43925f87\"},\"headline\":\"Consulado dominicano en Marsella promueve gastronom\u00eda e inversi\u00f3n en \u201cSabores del Mundo 2025\u201d\",\"datePublished\":\"2025-11-09T16:28:45+00:00\",\"dateModified\":\"2025-12-09T16:41:48+00:00\",\"mainEntityOfPage\":{\"@id\":\"https:\\\/\\\/fra.mirex.gob.do\\\/consular\\\/marsella\\\/consulado-dominicano-en-marsella-promueve-gastronomia-e-inversion-en-sabores-del-mundo-2025\\\/\"},\"wordCount\":396,\"publisher\":{\"@id\":\"https:\\\/\\\/fra.mirex.gob.do\\\/consular\\\/marsella\\\/#organization\"},\"image\":{\"@id\":\"https:\\\/\\\/fra.mirex.gob.do\\\/consular\\\/marsella\\\/consulado-dominicano-en-marsella-promueve-gastronomia-e-inversion-en-sabores-del-mundo-2025\\\/#primaryimage\"},\"thumbnailUrl\":\"https:\\\/\\\/fra.mirex.gob.do\\\/consular\\\/marsella\\\/wp-content\\\/uploads\\\/2025\\\/12\\\/IMG_3048.heic\",\"keywords\":[\"ana Baez consul en marsella\",\"Consulado Dominicano en Marsella\",\"feria sabores del mundo 2025\"],\"articleSection\":[\"Noticias\",\"Sin categorizar\"],\"inLanguage\":\"en-US\"},{\"@type\":\"WebPage\",\"@id\":\"https:\\\/\\\/fra.mirex.gob.do\\\/consular\\\/marsella\\\/consulado-dominicano-en-marsella-promueve-gastronomia-e-inversion-en-sabores-del-mundo-2025\\\/\",\"url\":\"https:\\\/\\\/fra.mirex.gob.do\\\/consular\\\/marsella\\\/consulado-dominicano-en-marsella-promueve-gastronomia-e-inversion-en-sabores-del-mundo-2025\\\/\",\"name\":\"Consulado dominicano en Marsella promueve gastronom\u00eda e inversi\u00f3n en \u201cSabores del Mundo 2025\u201d - Consulado General de la Rep\u00fablica Dominicana en Marsella, Francia\",\"isPartOf\":{\"@id\":\"https:\\\/\\\/fra.mirex.gob.do\\\/consular\\\/marsella\\\/#website\"},\"primaryImageOfPage\":{\"@id\":\"https:\\\/\\\/fra.mirex.gob.do\\\/consular\\\/marsella\\\/consulado-dominicano-en-marsella-promueve-gastronomia-e-inversion-en-sabores-del-mundo-2025\\\/#primaryimage\"},\"image\":{\"@id\":\"https:\\\/\\\/fra.mirex.gob.do\\\/consular\\\/marsella\\\/consulado-dominicano-en-marsella-promueve-gastronomia-e-inversion-en-sabores-del-mundo-2025\\\/#primaryimage\"},\"thumbnailUrl\":\"https:\\\/\\\/fra.mirex.gob.do\\\/consular\\\/marsella\\\/wp-content\\\/uploads\\\/2025\\\/12\\\/IMG_3048.heic\",\"datePublished\":\"2025-11-09T16:28:45+00:00\",\"dateModified\":\"2025-12-09T16:41:48+00:00\",\"breadcrumb\":{\"@id\":\"https:\\\/\\\/fra.mirex.gob.do\\\/consular\\\/marsella\\\/consulado-dominicano-en-marsella-promueve-gastronomia-e-inversion-en-sabores-del-mundo-2025\\\/#breadcrumb\"},\"inLanguage\":\"en-US\",\"potentialAction\":[{\"@type\":\"ReadAction\",\"target\":[\"https:\\\/\\\/fra.mirex.gob.do\\\/consular\\\/marsella\\\/consulado-dominicano-en-marsella-promueve-gastronomia-e-inversion-en-sabores-del-mundo-2025\\\/\"]}]},{\"@type\":\"ImageObject\",\"inLanguage\":\"en-US\",\"@id\":\"https:\\\/\\\/fra.mirex.gob.do\\\/consular\\\/marsella\\\/consulado-dominicano-en-marsella-promueve-gastronomia-e-inversion-en-sabores-del-mundo-2025\\\/#primaryimage\",\"url\":\"https:\\\/\\\/fra.mirex.gob.do\\\/consular\\\/marsella\\\/wp-content\\\/uploads\\\/2025\\\/12\\\/IMG_3048.heic\",\"contentUrl\":\"https:\\\/\\\/fra.mirex.gob.do\\\/consular\\\/marsella\\\/wp-content\\\/uploads\\\/2025\\\/12\\\/IMG_3048.heic\",\"caption\":\"consulado dominicano en marsella feria sabores del mundo 2025\"},{\"@type\":\"BreadcrumbList\",\"@id\":\"https:\\\/\\\/fra.mirex.gob.do\\\/consular\\\/marsella\\\/consulado-dominicano-en-marsella-promueve-gastronomia-e-inversion-en-sabores-del-mundo-2025\\\/#breadcrumb\",\"itemListElement\":[{\"@type\":\"ListItem\",\"position\":1,\"name\":\"Inicio\",\"item\":\"https:\\\/\\\/fra.mirex.gob.do\\\/consular\\\/marsella\\\/\"},{\"@type\":\"ListItem\",\"position\":2,\"name\":\"Consulado dominicano en Marsella promueve gastronom\u00eda e inversi\u00f3n en \u201cSabores del Mundo 2025\u201d\"}]},{\"@type\":\"WebSite\",\"@id\":\"https:\\\/\\\/fra.mirex.gob.do\\\/consular\\\/marsella\\\/#website\",\"url\":\"https:\\\/\\\/fra.mirex.gob.do\\\/consular\\\/marsella\\\/\",\"name\":\"Consulado General de la Rep\u00fablica Dominicana en Marsella, Francia\",\"description\":\"\",\"publisher\":{\"@id\":\"https:\\\/\\\/fra.mirex.gob.do\\\/consular\\\/marsella\\\/#organization\"},\"potentialAction\":[{\"@type\":\"SearchAction\",\"target\":{\"@type\":\"EntryPoint\",\"urlTemplate\":\"https:\\\/\\\/fra.mirex.gob.do\\\/consular\\\/marsella\\\/?s={search_term_string}\"},\"query-input\":{\"@type\":\"PropertyValueSpecification\",\"valueRequired\":true,\"valueName\":\"search_term_string\"}}],\"inLanguage\":\"en-US\"},{\"@type\":\"Organization\",\"@id\":\"https:\\\/\\\/fra.mirex.gob.do\\\/consular\\\/marsella\\\/#organization\",\"name\":\"Consulado General de la Rep\u00fablica Dominicana en Marsella, Francia\",\"url\":\"https:\\\/\\\/fra.mirex.gob.do\\\/consular\\\/marsella\\\/\",\"logo\":{\"@type\":\"ImageObject\",\"inLanguage\":\"en-US\",\"@id\":\"https:\\\/\\\/fra.mirex.gob.do\\\/consular\\\/marsella\\\/#\\\/schema\\\/logo\\\/image\\\/\",\"url\":\"https:\\\/\\\/fra.mirex.gob.do\\\/consular\\\/marsella\\\/wp-content\\\/uploads\\\/2022\\\/02\\\/CONSULADO-Marsella-Francia-RD-04.png\",\"contentUrl\":\"https:\\\/\\\/fra.mirex.gob.do\\\/consular\\\/marsella\\\/wp-content\\\/uploads\\\/2022\\\/02\\\/CONSULADO-Marsella-Francia-RD-04.png\",\"width\":4163,\"height\":1788,\"caption\":\"Consulado General de la Rep\u00fablica Dominicana en Marsella, Francia\"},\"image\":{\"@id\":\"https:\\\/\\\/fra.mirex.gob.do\\\/consular\\\/marsella\\\/#\\\/schema\\\/logo\\\/image\\\/\"}},{\"@type\":\"Person\",\"@id\":\"https:\\\/\\\/fra.mirex.gob.do\\\/consular\\\/marsella\\\/#\\\/schema\\\/person\\\/ca3e898c71ee4e904816b58e43925f87\",\"name\":\"Sol Threeny Valera Ventura\",\"image\":{\"@type\":\"ImageObject\",\"inLanguage\":\"en-US\",\"@id\":\"https:\\\/\\\/secure.gravatar.com\\\/avatar\\\/74f0bced5b8a28daf14829a28f8441445ba4e3f96a3b38008f8353bf02277eaf?s=96&d=mm&r=g\",\"url\":\"https:\\\/\\\/secure.gravatar.com\\\/avatar\\\/74f0bced5b8a28daf14829a28f8441445ba4e3f96a3b38008f8353bf02277eaf?s=96&d=mm&r=g\",\"contentUrl\":\"https:\\\/\\\/secure.gravatar.com\\\/avatar\\\/74f0bced5b8a28daf14829a28f8441445ba4e3f96a3b38008f8353bf02277eaf?s=96&d=mm&r=g\",\"caption\":\"Sol Threeny Valera Ventura\"}}]}<\/script>\n<!-- \/ Yoast SEO plugin. -->","yoast_head_json":{"title":"Consulado dominicano en Marsella promueve gastronom\u00eda e inversi\u00f3n en \u201cSabores del Mundo 2025\u201d - Consulado General de la Rep\u00fablica Dominicana en Marsella, Francia","robots":{"index":"index","follow":"follow","max-snippet":"max-snippet:-1","max-image-preview":"max-image-preview:large","max-video-preview":"max-video-preview:-1"},"canonical":"https:\/\/fra.mirex.gob.do\/consular\/marsella\/consulado-dominicano-en-marsella-promueve-gastronomia-e-inversion-en-sabores-del-mundo-2025\/","og_locale":"en_US","og_type":"article","og_title":"Consulado dominicano en Marsella promueve gastronom\u00eda e inversi\u00f3n en \u201cSabores del Mundo 2025\u201d - Consulado General de la Rep\u00fablica Dominicana en Marsella, Francia","og_description":"&nbsp; Sol Valera Marsella, Francia.- Bajo el liderazgo de la c\u00f3nsul general Ana Emilia B\u00e1ez, el Consulado Dominicano en Marsella tuvo una participaci\u00f3n destacada en la feria Sabores del Mundo 2025 \u201cSaveurs du Monde 2025\u201d, un encuentro que reuni\u00f3 a 32 cuerpos consulares en el World Trade Center Marseille Provence. Ritmo, cultura e inversi\u00f3n se [&hellip;]","og_url":"https:\/\/fra.mirex.gob.do\/consular\/marsella\/consulado-dominicano-en-marsella-promueve-gastronomia-e-inversion-en-sabores-del-mundo-2025\/","og_site_name":"Consulado General de la Rep\u00fablica Dominicana en Marsella, Francia","article_published_time":"2025-11-09T16:28:45+00:00","article_modified_time":"2025-12-09T16:41:48+00:00","author":"Sol Threeny Valera Ventura","twitter_card":"summary_large_image","twitter_misc":{"Written by":"Sol Threeny Valera Ventura","Est. reading time":"2 minutes"},"schema":{"@context":"https:\/\/schema.org","@graph":[{"@type":"Article","@id":"https:\/\/fra.mirex.gob.do\/consular\/marsella\/consulado-dominicano-en-marsella-promueve-gastronomia-e-inversion-en-sabores-del-mundo-2025\/#article","isPartOf":{"@id":"https:\/\/fra.mirex.gob.do\/consular\/marsella\/consulado-dominicano-en-marsella-promueve-gastronomia-e-inversion-en-sabores-del-mundo-2025\/"},"author":{"name":"Sol Threeny Valera Ventura","@id":"https:\/\/fra.mirex.gob.do\/consular\/marsella\/#\/schema\/person\/ca3e898c71ee4e904816b58e43925f87"},"headline":"Consulado dominicano en Marsella promueve gastronom\u00eda e inversi\u00f3n en \u201cSabores del Mundo 2025\u201d","datePublished":"2025-11-09T16:28:45+00:00","dateModified":"2025-12-09T16:41:48+00:00","mainEntityOfPage":{"@id":"https:\/\/fra.mirex.gob.do\/consular\/marsella\/consulado-dominicano-en-marsella-promueve-gastronomia-e-inversion-en-sabores-del-mundo-2025\/"},"wordCount":396,"publisher":{"@id":"https:\/\/fra.mirex.gob.do\/consular\/marsella\/#organization"},"image":{"@id":"https:\/\/fra.mirex.gob.do\/consular\/marsella\/consulado-dominicano-en-marsella-promueve-gastronomia-e-inversion-en-sabores-del-mundo-2025\/#primaryimage"},"thumbnailUrl":"https:\/\/fra.mirex.gob.do\/consular\/marsella\/wp-content\/uploads\/2025\/12\/IMG_3048.heic","keywords":["ana Baez consul en marsella","Consulado Dominicano en Marsella","feria sabores del mundo 2025"],"articleSection":["Noticias","Sin categorizar"],"inLanguage":"en-US"},{"@type":"WebPage","@id":"https:\/\/fra.mirex.gob.do\/consular\/marsella\/consulado-dominicano-en-marsella-promueve-gastronomia-e-inversion-en-sabores-del-mundo-2025\/","url":"https:\/\/fra.mirex.gob.do\/consular\/marsella\/consulado-dominicano-en-marsella-promueve-gastronomia-e-inversion-en-sabores-del-mundo-2025\/","name":"Consulado dominicano en Marsella promueve gastronom\u00eda e inversi\u00f3n en \u201cSabores del Mundo 2025\u201d - Consulado General de la Rep\u00fablica Dominicana en Marsella, Francia","isPartOf":{"@id":"https:\/\/fra.mirex.gob.do\/consular\/marsella\/#website"},"primaryImageOfPage":{"@id":"https:\/\/fra.mirex.gob.do\/consular\/marsella\/consulado-dominicano-en-marsella-promueve-gastronomia-e-inversion-en-sabores-del-mundo-2025\/#primaryimage"},"image":{"@id":"https:\/\/fra.mirex.gob.do\/consular\/marsella\/consulado-dominicano-en-marsella-promueve-gastronomia-e-inversion-en-sabores-del-mundo-2025\/#primaryimage"},"thumbnailUrl":"https:\/\/fra.mirex.gob.do\/consular\/marsella\/wp-content\/uploads\/2025\/12\/IMG_3048.heic","datePublished":"2025-11-09T16:28:45+00:00","dateModified":"2025-12-09T16:41:48+00:00","breadcrumb":{"@id":"https:\/\/fra.mirex.gob.do\/consular\/marsella\/consulado-dominicano-en-marsella-promueve-gastronomia-e-inversion-en-sabores-del-mundo-2025\/#breadcrumb"},"inLanguage":"en-US","potentialAction":[{"@type":"ReadAction","target":["https:\/\/fra.mirex.gob.do\/consular\/marsella\/consulado-dominicano-en-marsella-promueve-gastronomia-e-inversion-en-sabores-del-mundo-2025\/"]}]},{"@type":"ImageObject","inLanguage":"en-US","@id":"https:\/\/fra.mirex.gob.do\/consular\/marsella\/consulado-dominicano-en-marsella-promueve-gastronomia-e-inversion-en-sabores-del-mundo-2025\/#primaryimage","url":"https:\/\/fra.mirex.gob.do\/consular\/marsella\/wp-content\/uploads\/2025\/12\/IMG_3048.heic","contentUrl":"https:\/\/fra.mirex.gob.do\/consular\/marsella\/wp-content\/uploads\/2025\/12\/IMG_3048.heic","caption":"consulado dominicano en marsella feria sabores del mundo 2025"},{"@type":"BreadcrumbList","@id":"https:\/\/fra.mirex.gob.do\/consular\/marsella\/consulado-dominicano-en-marsella-promueve-gastronomia-e-inversion-en-sabores-del-mundo-2025\/#breadcrumb","itemListElement":[{"@type":"ListItem","position":1,"name":"Inicio","item":"https:\/\/fra.mirex.gob.do\/consular\/marsella\/"},{"@type":"ListItem","position":2,"name":"Consulado dominicano en Marsella promueve gastronom\u00eda e inversi\u00f3n en \u201cSabores del Mundo 2025\u201d"}]},{"@type":"WebSite","@id":"https:\/\/fra.mirex.gob.do\/consular\/marsella\/#website","url":"https:\/\/fra.mirex.gob.do\/consular\/marsella\/","name":"Consulado General de la Rep\u00fablica Dominicana en Marsella, Francia","description":"","publisher":{"@id":"https:\/\/fra.mirex.gob.do\/consular\/marsella\/#organization"},"potentialAction":[{"@type":"SearchAction","target":{"@type":"EntryPoint","urlTemplate":"https:\/\/fra.mirex.gob.do\/consular\/marsella\/?s={search_term_string}"},"query-input":{"@type":"PropertyValueSpecification","valueRequired":true,"valueName":"search_term_string"}}],"inLanguage":"en-US"},{"@type":"Organization","@id":"https:\/\/fra.mirex.gob.do\/consular\/marsella\/#organization","name":"Consulado General de la Rep\u00fablica Dominicana en Marsella, Francia","url":"https:\/\/fra.mirex.gob.do\/consular\/marsella\/","logo":{"@type":"ImageObject","inLanguage":"en-US","@id":"https:\/\/fra.mirex.gob.do\/consular\/marsella\/#\/schema\/logo\/image\/","url":"https:\/\/fra.mirex.gob.do\/consular\/marsella\/wp-content\/uploads\/2022\/02\/CONSULADO-Marsella-Francia-RD-04.png","contentUrl":"https:\/\/fra.mirex.gob.do\/consular\/marsella\/wp-content\/uploads\/2022\/02\/CONSULADO-Marsella-Francia-RD-04.png","width":4163,"height":1788,"caption":"Consulado General de la Rep\u00fablica Dominicana en Marsella, Francia"},"image":{"@id":"https:\/\/fra.mirex.gob.do\/consular\/marsella\/#\/schema\/logo\/image\/"}},{"@type":"Person","@id":"https:\/\/fra.mirex.gob.do\/consular\/marsella\/#\/schema\/person\/ca3e898c71ee4e904816b58e43925f87","name":"Sol Threeny Valera Ventura","image":{"@type":"ImageObject","inLanguage":"en-US","@id":"https:\/\/secure.gravatar.com\/avatar\/74f0bced5b8a28daf14829a28f8441445ba4e3f96a3b38008f8353bf02277eaf?s=96&d=mm&r=g","url":"https:\/\/secure.gravatar.com\/avatar\/74f0bced5b8a28daf14829a28f8441445ba4e3f96a3b38008f8353bf02277eaf?s=96&d=mm&r=g","contentUrl":"https:\/\/secure.gravatar.com\/avatar\/74f0bced5b8a28daf14829a28f8441445ba4e3f96a3b38008f8353bf02277eaf?s=96&d=mm&r=g","caption":"Sol Threeny Valera Ventura"}}]}},"_links":{"self":[{"href":"https:\/\/fra.mirex.gob.do\/consular\/marsella\/wp-json\/wp\/v2\/posts\/6360","targetHints":{"allow":["GET"]}}],"collection":[{"href":"https:\/\/fra.mirex.gob.do\/consular\/marsella\/wp-json\/wp\/v2\/posts"}],"about":[{"href":"https:\/\/fra.mirex.gob.do\/consular\/marsella\/wp-json\/wp\/v2\/types\/post"}],"author":[{"embeddable":true,"href":"https:\/\/fra.mirex.gob.do\/consular\/marsella\/wp-json\/wp\/v2\/users\/8"}],"replies":[{"embeddable":true,"href":"https:\/\/fra.mirex.gob.do\/consular\/marsella\/wp-json\/wp\/v2\/comments?post=6360"}],"version-history":[{"count":3,"href":"https:\/\/fra.mirex.gob.do\/consular\/marsella\/wp-json\/wp\/v2\/posts\/6360\/revisions"}],"predecessor-version":[{"id":6368,"href":"https:\/\/fra.mirex.gob.do\/consular\/marsella\/wp-json\/wp\/v2\/posts\/6360\/revisions\/6368"}],"wp:featuredmedia":[{"embeddable":true,"href":"https:\/\/fra.mirex.gob.do\/consular\/marsella\/wp-json\/wp\/v2\/media\/6361"}],"wp:attachment":[{"href":"https:\/\/fra.mirex.gob.do\/consular\/marsella\/wp-json\/wp\/v2\/media?parent=6360"}],"wp:term":[{"taxonomy":"category","embeddable":true,"href":"https:\/\/fra.mirex.gob.do\/consular\/marsella\/wp-json\/wp\/v2\/categories?post=6360"},{"taxonomy":"post_tag","embeddable":true,"href":"https:\/\/fra.mirex.gob.do\/consular\/marsella\/wp-json\/wp\/v2\/tags?post=6360"}],"curies":[{"name":"wp","href":"https:\/\/api.w.org\/{rel}","templated":true}]}}